{"id":42274,"date":"2022-07-13T14:03:20","date_gmt":"2022-07-13T14:03:20","guid":{"rendered":"http:\/\/elterritorialweb.com.ar\/web\/?p=42274"},"modified":"2022-07-13T17:07:19","modified_gmt":"2022-07-13T17:07:19","slug":"el-tango-argentino-recupera-un-espacio-de-la-noche-portena-reabrio-michelangelo","status":"publish","type":"post","link":"http:\/\/elterritorialweb.com.ar\/web\/el-tango-argentino-recupera-un-espacio-de-la-noche-portena-reabrio-michelangelo\/","title":{"rendered":"EL TANGO ARGENTINO RECUPERA UN ESPACIO DE LA NOCHE PORTE\u00d1A: REABRI\u00d3 MICHELANGELO"},"content":{"rendered":"\n<p>Se reinagur\u00f3 la hist\u00f3rica casa de tango&nbsp;<strong>Michelangelo<\/strong>, ubicada en la&nbsp;<strong>calle Balcare 433<\/strong>, en el barrio de&nbsp;<strong>San Telmo<\/strong>, con un show de tango y folklore dirigido por Nicol\u00e1s Ledesma, con la participaci\u00f3n de Horacio Romo y Pablo Agri y m\u00fasicos integrantes de las famosas orquestas de Leopoldo Federico y de Sexteto Mayor. Adem\u00e1s, cont\u00f3 con la participaci\u00f3n estelar de N\u00e9stor Fabi\u00e1n y Mar\u00eda Pisoni en la voz. El evento inaugural cont\u00f3 con la presencia del&nbsp;<strong>Secretario Ejecutivo del INPROTUR, Ricardo Sosa<\/strong>, autoridades de la C\u00e1mara Argentina de Turismo y de la ciudad de Buenos Aires y con personalidades importantes del tango y arte argentino.<\/p>\n\n\n\n<p><strong>Ricardo Sosa<\/strong>, fue invitado a dar unas palabras antes del show: \u201c<em>El tango es parte de la cultura porte\u00f1a y argentina y la reapertura de estos lugares emblem\u00e1ticos ayudan a la promoci\u00f3n de nuestro pa\u00eds como destino tur\u00edstico y cultural. Esto demuestra el compromiso de&nbsp;<strong>Luis (Machi)<\/strong>&nbsp;con el pa\u00eds, para invertir en un espacio y renovarlo totalmente. Nuevamente podemos decir que Michelangelo es tango argentino y me siento orgulloso de poder ser parte de este momento<\/em>.\u201d<\/p>\n\n\n\n<figure class=\"wp-block-image size-large\"><a href=\"https:\/\/i0.wp.com\/elterritorialweb.com.ar\/web\/wp-content\/uploads\/2022\/07\/unnamed-6.jpg\"><img data-recalc-dims=\"1\" decoding=\"async\" width=\"640\" height=\"360\" data-src=\"https:\/\/i0.wp.com\/elterritorialweb.com.ar\/web\/wp-content\/uploads\/2022\/07\/unnamed-6.jpg?resize=640%2C360\" alt=\"\" class=\"wp-image-42276 lazyload\" data-srcset=\"https:\/\/i0.wp.com\/elterritorialweb.com.ar\/web\/wp-content\/uploads\/2022\/07\/unnamed-6.jpg?resize=1024%2C576 1024w, https:\/\/i0.wp.com\/elterritorialweb.com.ar\/web\/wp-content\/uploads\/2022\/07\/unnamed-6.jpg?resize=300%2C169 300w, https:\/\/i0.wp.com\/elterritorialweb.com.ar\/web\/wp-content\/uploads\/2022\/07\/unnamed-6.jpg?resize=768%2C432 768w, https:\/\/i0.wp.com\/elterritorialweb.com.ar\/web\/wp-content\/uploads\/2022\/07\/unnamed-6.jpg?resize=1536%2C864 1536w, https:\/\/i0.wp.com\/elterritorialweb.com.ar\/web\/wp-content\/uploads\/2022\/07\/unnamed-6.jpg?w=1920 1920w, https:\/\/i0.wp.com\/elterritorialweb.com.ar\/web\/wp-content\/uploads\/2022\/07\/unnamed-6.jpg?w=1280 1280w\" data-sizes=\"(max-width: 640px) 100vw, 640px\" src=\"data:image\/svg+xml;base64,PHN2ZyB3aWR0aD0iMSIgaGVpZ2h0PSIxIiB4bWxucz0iaHR0cDovL3d3dy53My5vcmcvMjAwMC9zdmciPjwvc3ZnPg==\" style=\"--smush-placeholder-width: 640px; --smush-placeholder-aspect-ratio: 640\/360;\" \/><\/a><\/figure>\n\n\n\n<figure class=\"wp-block-table is-style-regular\"><table><tbody><tr><td>Michelangelo fue&nbsp;<strong>abierto originalmente en 1967<\/strong>&nbsp;al mundo del espect\u00e1culo y fue un emblema del tango en el mismo edificio que se encuentra hoy, que data de 1850 y fue declarado patrimonio hist\u00f3rico de la ciudad. &nbsp;<strong>Luis Machi<\/strong>, es el empresario que compr\u00f3 el espacio hace m\u00e1s de cinco a\u00f1os, una d\u00e9cada despu\u00e9s de cerrarse, y pudo reinaugurarlo, tras una importante inversi\u00f3n. Machi tambi\u00e9n es due\u00f1o de La Ventana, Gala Tango y Aljibe Tango.<\/td><\/tr><\/tbody><\/table><\/figure>\n\n\n\n<figure class=\"wp-block-table is-style-regular\"><table><tbody><tr><td>El espect\u00e1culo al p\u00fablico cuenta con una&nbsp;<strong>cena desde las 19.30hs hasta las 21.30hs<\/strong>&nbsp;y con el&nbsp;<strong>show desde las 21.30hs hasta las 23hs<\/strong>. El teatro cuenta con espacio para&nbsp;<strong>320 personas.<\/strong><br><br>En Michelangelo han tocado y cantado muchos tangueros m\u00e1s conocidos de Buenos Aires, como Astor Piazzola, Roberto Goyeneche o Susana Rinaldi, entre tantos otros.&nbsp;<\/td><\/tr><\/tbody><\/table><\/figure>\n","protected":false},"excerpt":{"rendered":"<p>El Secretario Ejecutivo del Instituto Nacional de Promoci\u00f3n Tur\u00edstica, Ricardo Sosa, particip\u00f3 de la reapertura de la hist\u00f3rica y emblem\u00e1tica casa ubicada en el barrio de San Telmo.<\/p>\n","protected":false},"author":2,"featured_media":42275,"comment_status":"open","ping_status":"open","sticky":false,"template":"","format":"standard","meta":{"om_disable_all_campaigns":false,"_monsterinsights_skip_tracking":false,"_monsterinsights_sitenote_active":false,"_monsterinsights_sitenote_note":"","_monsterinsights_sitenote_category":0,"_uf_show_specific_survey":0,"_uf_disable_surveys":false,"jetpack_post_was_ever_published":false,"_jetpack_newsletter_access":"","_jetpack_dont_email_post_to_subs":false,"_jetpack_newsletter_tier_id":0,"_jetpack_memberships_contains_paywalled_content":false,"_jetpack_memberships_contains_paid_content":false,"footnotes":"","jetpack_publicize_message":"","jetpack_publicize_feature_enabled":true,"jetpack_social_post_already_shared":false,"jetpack_social_options":{"image_generator_settings":{"template":"highway","default_image_id":0,"font":"","enabled":false},"version":2}},"categories":[29],"tags":[],"class_list":["post-42274","post","type-post","status-publish","format-standard","has-post-thumbnail","hentry","category-turismo"],"aioseo_notices":[],"views":8,"jetpack_publicize_connections":[],"jetpack_featured_media_url":"https:\/\/i0.wp.com\/elterritorialweb.com.ar\/web\/wp-content\/uploads\/2022\/07\/unnamed-5-scaled.jpg?fit=2560%2C1517","jetpack_sharing_enabled":true,"_links":{"self":[{"href":"http:\/\/elterritorialweb.com.ar\/web\/wp-json\/wp\/v2\/posts\/42274","targetHints":{"allow":["GET"]}}],"collection":[{"href":"http:\/\/elterritorialweb.com.ar\/web\/wp-json\/wp\/v2\/posts"}],"about":[{"href":"http:\/\/elterritorialweb.com.ar\/web\/wp-json\/wp\/v2\/types\/post"}],"author":[{"embeddable":true,"href":"http:\/\/elterritorialweb.com.ar\/web\/wp-json\/wp\/v2\/users\/2"}],"replies":[{"embeddable":true,"href":"http:\/\/elterritorialweb.com.ar\/web\/wp-json\/wp\/v2\/comments?post=42274"}],"version-history":[{"count":2,"href":"http:\/\/elterritorialweb.com.ar\/web\/wp-json\/wp\/v2\/posts\/42274\/revisions"}],"predecessor-version":[{"id":42279,"href":"http:\/\/elterritorialweb.com.ar\/web\/wp-json\/wp\/v2\/posts\/42274\/revisions\/42279"}],"wp:featuredmedia":[{"embeddable":true,"href":"http:\/\/elterritorialweb.com.ar\/web\/wp-json\/wp\/v2\/media\/42275"}],"wp:attachment":[{"href":"http:\/\/elterritorialweb.com.ar\/web\/wp-json\/wp\/v2\/media?parent=42274"}],"wp:term":[{"taxonomy":"category","embeddable":true,"href":"http:\/\/elterritorialweb.com.ar\/web\/wp-json\/wp\/v2\/categories?post=42274"},{"taxonomy":"post_tag","embeddable":true,"href":"http:\/\/elterritorialweb.com.ar\/web\/wp-json\/wp\/v2\/tags?post=42274"}],"curies":[{"name":"wp","href":"https:\/\/api.w.org\/{rel}","templated":true}]}}