{"id":42280,"date":"2022-07-13T17:14:11","date_gmt":"2022-07-13T17:14:11","guid":{"rendered":"http:\/\/elterritorialweb.com.ar\/web\/?p=42280"},"modified":"2022-07-13T18:08:01","modified_gmt":"2022-07-13T18:08:01","slug":"el-gobierno-de-la-provincia-y-la-uca-celebraran-un-importante-convenio","status":"publish","type":"post","link":"http:\/\/elterritorialweb.com.ar\/web\/el-gobierno-de-la-provincia-y-la-uca-celebraran-un-importante-convenio\/","title":{"rendered":"EL GOBIERNO DE LA PROVINCIA Y LA UCA CELEBRAR\u00c1N UN IMPORTANTE CONVENIO"},"content":{"rendered":"\n<p>El gobernador Gerardo Zamora se reuni\u00f3 este martes con el rector de la Pontificia Universidad Cat\u00f3lica Argentina, Miguel \u00c1ngel Schiavone, y el director de Investigaci\u00f3n del Observatorio de la Deuda Social Argentina, Agust\u00edn Salvia, para definir los principales puntos de un convenio que celebrar\u00e1n para contar con un diagn\u00f3stico de \u201cla din\u00e1mica econ\u00f3mico-ocupacional de la provincia y definici\u00f3n de pol\u00edticas de empleo, trabajo e inclusi\u00f3n social en clave a un desarrollo econ\u00f3mico, social y ambiental regional sostenible\u201d.<\/p>\n\n\n\n<p>El mismo establece que la universidad, a trav\u00e9s de su \u00e1rea Observatorio de la Deuda Social Argentina, brinde asistencia t\u00e9cnica a la Jefatura de Gabinete del Gobierno de la provincia de Santiago del Estero, en el marco del Gabinete de Pol\u00edticas Sociales e Innovaci\u00f3n, recientemente creado por el gobernador Zamora.<\/p>\n\n\n\n<p>El estudio buscar\u00e1 identificar los desaf\u00edos de las pol\u00edticas productivas y de empleo, capaces de promover el desarrollo de un modelo econ\u00f3mico regionalizado para Santiago del Estero, generadores de empleo, trabajos productivos e inclusi\u00f3n social de car\u00e1cter local.<\/p>\n\n\n\n<p>Para ello, se plante\u00f3 como meta confeccionar un estudio diagn\u00f3stico estad\u00edstico regional y participativo sobre la din\u00e1mica econ\u00f3mico-ocupacional y el desarrollo de nuevos mercados laborales, trav\u00e9s de an\u00e1lisis estad\u00edsticos y otros m\u00e9todos de estudio.<\/p>\n\n\n\n<p>Tambi\u00e9n se relevar\u00e1n los lineamientos de los dise\u00f1os, programas y acciones en materia de trabajo, empleo, sostenibilidad ambiental y desarrollo productivo local.<\/p>\n\n\n\n<p>Se evaluar\u00e1n las fortalezas, oportunidades, debilidades de los dise\u00f1os, programas.<\/p>\n\n\n\n<p>De la misma manera se har\u00e1 un diagn\u00f3stico, an\u00e1lisis y b\u00fasqueda de soluciones a los factores que limitan la promoci\u00f3n de pol\u00edticas de desarrollo regional integral. Adem\u00e1s, de promover la participaci\u00f3n.<\/p>\n\n\n\n<p><\/p>\n","protected":false},"excerpt":{"rendered":"<p>El tema fue abordado en una reuni\u00f3n que se desarroll\u00f3 en la sede de la casa de altos estudios, en la Ciudad de Buenos Aires, donde se definieron los alcances de este convenio.<\/p>\n","protected":false},"author":2,"featured_media":42281,"comment_status":"open","ping_status":"open","sticky":false,"template":"","format":"standard","meta":{"om_disable_all_campaigns":false,"_monsterinsights_skip_tracking":false,"_monsterinsights_sitenote_active":false,"_monsterinsights_sitenote_note":"","_monsterinsights_sitenote_category":0,"_uf_show_specific_survey":0,"_uf_disable_surveys":false,"jetpack_post_was_ever_published":false,"_jetpack_newsletter_access":"","_jetpack_dont_email_post_to_subs":false,"_jetpack_newsletter_tier_id":0,"_jetpack_memberships_contains_paywalled_content":false,"_jetpack_memberships_contains_paid_content":false,"footnotes":"","jetpack_publicize_message":"","jetpack_publicize_feature_enabled":true,"jetpack_social_post_already_shared":false,"jetpack_social_options":{"image_generator_settings":{"template":"highway","default_image_id":0,"font":"","enabled":false},"version":2}},"categories":[4,21],"tags":[],"class_list":["post-42280","post","type-post","status-publish","format-standard","has-post-thumbnail","hentry","category-destacadas","category-locales"],"aioseo_notices":[],"views":14,"jetpack_publicize_connections":[],"jetpack_featured_media_url":"https:\/\/i0.wp.com\/elterritorialweb.com.ar\/web\/wp-content\/uploads\/2022\/07\/convenio.jpeg?fit=1202%2C771","jetpack_sharing_enabled":true,"_links":{"self":[{"href":"http:\/\/elterritorialweb.com.ar\/web\/wp-json\/wp\/v2\/posts\/42280","targetHints":{"allow":["GET"]}}],"collection":[{"href":"http:\/\/elterritorialweb.com.ar\/web\/wp-json\/wp\/v2\/posts"}],"about":[{"href":"http:\/\/elterritorialweb.com.ar\/web\/wp-json\/wp\/v2\/types\/post"}],"author":[{"embeddable":true,"href":"http:\/\/elterritorialweb.com.ar\/web\/wp-json\/wp\/v2\/users\/2"}],"replies":[{"embeddable":true,"href":"http:\/\/elterritorialweb.com.ar\/web\/wp-json\/wp\/v2\/comments?post=42280"}],"version-history":[{"count":1,"href":"http:\/\/elterritorialweb.com.ar\/web\/wp-json\/wp\/v2\/posts\/42280\/revisions"}],"predecessor-version":[{"id":42282,"href":"http:\/\/elterritorialweb.com.ar\/web\/wp-json\/wp\/v2\/posts\/42280\/revisions\/42282"}],"wp:featuredmedia":[{"embeddable":true,"href":"http:\/\/elterritorialweb.com.ar\/web\/wp-json\/wp\/v2\/media\/42281"}],"wp:attachment":[{"href":"http:\/\/elterritorialweb.com.ar\/web\/wp-json\/wp\/v2\/media?parent=42280"}],"wp:term":[{"taxonomy":"category","embeddable":true,"href":"http:\/\/elterritorialweb.com.ar\/web\/wp-json\/wp\/v2\/categories?post=42280"},{"taxonomy":"post_tag","embeddable":true,"href":"http:\/\/elterritorialweb.com.ar\/web\/wp-json\/wp\/v2\/tags?post=42280"}],"curies":[{"name":"wp","href":"https:\/\/api.w.org\/{rel}","templated":true}]}}