{"id":42283,"date":"2022-07-13T18:03:14","date_gmt":"2022-07-13T18:03:14","guid":{"rendered":"http:\/\/elterritorialweb.com.ar\/web\/?p=42283"},"modified":"2022-07-13T18:07:53","modified_gmt":"2022-07-13T18:07:53","slug":"fernandez-para-que-toda-la-argentina-siga-creciendo-el-camino-es-la-unidad","status":"publish","type":"post","link":"http:\/\/elterritorialweb.com.ar\/web\/fernandez-para-que-toda-la-argentina-siga-creciendo-el-camino-es-la-unidad\/","title":{"rendered":"FERN\u00c1NDEZ: \u00abPARA QUE TODA LA ARGENTINA SIGA CRECIENDO, EL CAMINO ES LA UNIDAD\u00bb"},"content":{"rendered":"\n<p>El presidente Alberto Fern\u00e1ndez recibi\u00f3 este mi\u00e9rcoles al gobernador de la provincia de Chaco, Jorge Capitanich, para<strong>&nbsp;analizar la agenda productiva de esa provincia, dialogar sobre la situaci\u00f3n econ\u00f3mica del pa\u00eds<\/strong>&nbsp;y juntos hacer un llamamiento a la \u00abunidad\u00bb para asegurar el crecimiento de la naci\u00f3n.<\/p>\n\n\n\n<p>\u00abPara que toda la Argentina siga creciendo, el camino es la unidad\u00bb, se\u00f1al\u00f3 el Jefe de Estado a trav\u00e9s de su cuenta oficial en la red social Twitter.<\/p>\n\n\n\n<figure class=\"wp-block-embed is-type-rich is-provider-twitter wp-block-embed-twitter\"><div class=\"wp-block-embed__wrapper\">\n<div class=\"embed-twitter\"><blockquote class=\"twitter-tweet\" data-width=\"550\" data-dnt=\"true\"><p lang=\"es\" dir=\"ltr\">Con <a href=\"https:\/\/twitter.com\/jmcapitanich?ref_src=twsrc%5Etfw\">@jmcapitanich<\/a> analizamos las pol\u00edticas e inversiones en el <a href=\"https:\/\/twitter.com\/hashtag\/NorteGrande?src=hash&amp;ref_src=twsrc%5Etfw\">#NorteGrande<\/a> y en <a href=\"https:\/\/twitter.com\/hashtag\/Chaco?src=hash&amp;ref_src=twsrc%5Etfw\">#Chaco<\/a>. Trabajamos por un crecimiento econ\u00f3mico sostenido, para reducir la inflaci\u00f3n, garantizar m\u00e1s empleo y mejores salarios. Para que toda la Argentina siga creciendo, el camino es la unidad \ud83d\udc47 <a href=\"https:\/\/t.co\/oXm2Kfg9FP\">https:\/\/t.co\/oXm2Kfg9FP<\/a><\/p>&mdash; Alberto Fern\u00e1ndez (@alferdez) <a href=\"https:\/\/twitter.com\/alferdez\/status\/1547245928859451393?ref_src=twsrc%5Etfw\">July 13, 2022<\/a><\/blockquote><script async src=\"https:\/\/platform.twitter.com\/widgets.js\" charset=\"utf-8\"><\/script><\/div>\n<\/div><\/figure>\n\n\n\n<p>Fern\u00e1ndez dijo que junto al Gobernador&nbsp;<strong>analizaron \u00ablas pol\u00edticas e inversiones en el Norte Grande y en Chaco\u00bb.<\/strong><\/p>\n\n\n\n<p>\u00abTrabajamos por un crecimiento econ\u00f3mico sostenido, para reducir la inflaci\u00f3n, garantizar m\u00e1s empleo y mejores salarios. Para que toda la Argentina siga creciendo, el camino es la unidad\u00bb, afirm\u00f3 el Primer Mandatario.<\/p>\n\n\n\n<p>El encuentro se realiz\u00f3 en la Quinta Presidencial de Olivos y fue el mandatario provincial quien, por la misma v\u00eda, hizo p\u00fablico detalles sobre el encuentro.<\/p>\n\n\n\n<p><strong>\u00abTuvimos una reuni\u00f3n muy productiva, en la que analizamos la agenda de inversiones en infraestructura y desarrollo productivo en el Norte Grande y en Chaco. Analizamos las fortalezas y las oportunidades que tiene la econom\u00eda argentina\u00bb,<\/strong>&nbsp;se\u00f1al\u00f3 Capitanich a trav\u00e9s de su cuenta en la red social Twitter.<\/p>\n\n\n\n<p>Respecto de la situaci\u00f3n econ\u00f3mica, el chaque\u00f1o dijo que se dialog\u00f3 \u00absobre las medidas necesarias para promover el equilibrio fiscal, la reducci\u00f3n de la inflaci\u00f3n, la dinamizaci\u00f3n del empleo y la recuperaci\u00f3n sostenida del salario\u00bb.<\/p>\n\n\n\n<p>\u00abEl contexto internacional nos interpela a todos los miembros de nuestro espacio pol\u00edtico con el objeto de respaldar las medidas fiscales, monetarias y cambiar\u00edas adoptadas para superar una transici\u00f3n compleja\u00bb, estim\u00f3,<\/p>\n\n\n\n<p>En ese sentido, Capitanich envi\u00f3 un mensaje de unidad pol\u00edtica como condici\u00f3n para \u00abgarantizar m\u00e1s empleos y mejores salarios\u00bb, dos tareas a las que calific\u00f3 como los \u00abprincipales desaf\u00edos\u00bb de la gesti\u00f3n.<\/p>\n\n\n\n<p>\u00abLo debemos hacer juntos. Lo tenemos que hacer unidos. Y lo haremos trabajando como siempre: por la grandeza de nuestra patria y la felicidad de nuestro pueblo\u00bb, a\u00f1adi\u00f3.<\/p>\n\n\n\n<p>Asimismo, en el encuentro, Capitanich le transmiti\u00f3 al Presidente detalles de \u00abun plan de inversiones por 7.000 millones de pesos para desarrollo textil, cadena c\u00e1rnica y producci\u00f3n de motos en la provincia del Chaco\u00bb.<\/p>\n\n\n\n<p><strong>\u00abEsto generar\u00e1 cerca de 1.000 empleos directos e indirectos en los pr\u00f3ximos 18 meses, contribuyendo al crecimiento de la econom\u00eda del pa\u00eds\u00bb<\/strong>, concluy\u00f3.<\/p>\n\n\n\n<p>Capitanich se reuni\u00f3 tambi\u00e9n hoy con el ministro de Obras P\u00fablicas de la Naci\u00f3n, Gabriel Katopodis, y tras el encuentro se anunci\u00f3 que el pr\u00f3ximo lunes, en el Centro Cultural Kirchner (CCK), se presentar\u00e1 el proceso de licitaci\u00f3n del segundo puente Chaco-Corrientes.<\/p>\n\n\n\n<p>La obra est\u00e1 contemplada en el programa nacional Argentina Grande, que define y organiza las acciones y las obras de infraestructura estrat\u00e9gicas para el desarrollo del pa\u00eds\u00bb, seg\u00fan indicaron voceros del gobierno de Chaco.<\/p>\n\n\n\n<p>\u00abEl cronograma con respecto al puente implica el anuncio del proceso de licitaci\u00f3n. Tambi\u00e9n estamos coordinando en la primera semana de agosto, la presentaci\u00f3n del proyecto ejecutivo por parte del ministro Katopodis en el Chaco. Es una iniciativa que tiene una inversi\u00f3n cercana a los 740 millones de d\u00f3lares\u00bb, apunt\u00f3 el mandatario provincial.<\/p>\n\n\n\n<p>Capitanich inform\u00f3 adem\u00e1s que en una primera etapa se licitar\u00e1 la obra que incluye la circunvalaci\u00f3n y los sistemas de acceso, y se\u00f1al\u00f3 que<strong>&nbsp;\u00abla idea luego es lograr el financiamiento del puente propiamente dicho\u00bb.<\/strong><\/p>\n\n\n\n<p>Por otro lado, Capitanich puso en conocimiento al ministro Katopodis sobre la obra de defensa del barrio Pedro Pescador, que presenta un avance de ejecuci\u00f3n del 50% con una inversi\u00f3n de 522 millones de pesos por parte del Gobierno nacional.<\/p>\n\n\n\n<p>Al respecto, se\u00f1al\u00f3 que \u00abse avanza en la segunda etapa de la obra que contempla la construcci\u00f3n de una costanera peatonal, recuperaci\u00f3n de espacios verdes y el desarrollo de proyectos gastron\u00f3micos y comerciales relacionados con la pesca\u00bb, y asegur\u00f3 que la provincia trabaja \u00abpara que la obra concluya en el 2023\u201d.<\/p>\n","protected":false},"excerpt":{"rendered":"<p>El Presidente y el mandatario chaque\u00f1o se reunieron en la residencia de Olivos, durante el encuentro analizaron la situaci\u00f3n de la provincia as\u00ed como tambi\u00e9n la agenda econ\u00f3mica nacional.<\/p>\n","protected":false},"author":2,"featured_media":42284,"comment_status":"open","ping_status":"open","sticky":false,"template":"","format":"standard","meta":{"om_disable_all_campaigns":false,"_monsterinsights_skip_tracking":false,"_monsterinsights_sitenote_active":false,"_monsterinsights_sitenote_note":"","_monsterinsights_sitenote_category":0,"_uf_show_specific_survey":0,"_uf_disable_surveys":false,"jetpack_post_was_ever_published":false,"_jetpack_newsletter_access":"","_jetpack_dont_email_post_to_subs":false,"_jetpack_newsletter_tier_id":0,"_jetpack_memberships_contains_paywalled_content":false,"_jetpack_memberships_contains_paid_content":false,"footnotes":"","jetpack_publicize_message":"","jetpack_publicize_feature_enabled":true,"jetpack_social_post_already_shared":false,"jetpack_social_options":{"image_generator_settings":{"template":"highway","default_image_id":0,"font":"","enabled":false},"version":2}},"categories":[4,18],"tags":[],"class_list":["post-42283","post","type-post","status-publish","format-standard","has-post-thumbnail","hentry","category-destacadas","category-politica"],"aioseo_notices":[],"views":5,"jetpack_publicize_connections":[],"jetpack_featured_media_url":"https:\/\/i0.wp.com\/elterritorialweb.com.ar\/web\/wp-content\/uploads\/2022\/07\/FERNANDEZ-Y-CAPITANICH.jpg?fit=680%2C510","jetpack_sharing_enabled":true,"_links":{"self":[{"href":"http:\/\/elterritorialweb.com.ar\/web\/wp-json\/wp\/v2\/posts\/42283","targetHints":{"allow":["GET"]}}],"collection":[{"href":"http:\/\/elterritorialweb.com.ar\/web\/wp-json\/wp\/v2\/posts"}],"about":[{"href":"http:\/\/elterritorialweb.com.ar\/web\/wp-json\/wp\/v2\/types\/post"}],"author":[{"embeddable":true,"href":"http:\/\/elterritorialweb.com.ar\/web\/wp-json\/wp\/v2\/users\/2"}],"replies":[{"embeddable":true,"href":"http:\/\/elterritorialweb.com.ar\/web\/wp-json\/wp\/v2\/comments?post=42283"}],"version-history":[{"count":1,"href":"http:\/\/elterritorialweb.com.ar\/web\/wp-json\/wp\/v2\/posts\/42283\/revisions"}],"predecessor-version":[{"id":42285,"href":"http:\/\/elterritorialweb.com.ar\/web\/wp-json\/wp\/v2\/posts\/42283\/revisions\/42285"}],"wp:featuredmedia":[{"embeddable":true,"href":"http:\/\/elterritorialweb.com.ar\/web\/wp-json\/wp\/v2\/media\/42284"}],"wp:attachment":[{"href":"http:\/\/elterritorialweb.com.ar\/web\/wp-json\/wp\/v2\/media?parent=42283"}],"wp:term":[{"taxonomy":"category","embeddable":true,"href":"http:\/\/elterritorialweb.com.ar\/web\/wp-json\/wp\/v2\/categories?post=42283"},{"taxonomy":"post_tag","embeddable":true,"href":"http:\/\/elterritorialweb.com.ar\/web\/wp-json\/wp\/v2\/tags?post=42283"}],"curies":[{"name":"wp","href":"https:\/\/api.w.org\/{rel}","templated":true}]}}