{"id":42290,"date":"2022-07-13T23:46:08","date_gmt":"2022-07-13T23:46:08","guid":{"rendered":"http:\/\/elterritorialweb.com.ar\/web\/?p=42290"},"modified":"2022-07-13T23:46:09","modified_gmt":"2022-07-13T23:46:09","slug":"los-pumas-entrenaron-en-el-predio-de-old-lions","status":"publish","type":"post","link":"http:\/\/elterritorialweb.com.ar\/web\/los-pumas-entrenaron-en-el-predio-de-old-lions\/","title":{"rendered":"LOS PUMAS ENTRENARON EN EL PREDIO DE OLD LIONS"},"content":{"rendered":"\n<p>Antes del entrenamiento, el jugador bonaerense Lucas Paulos manifest\u00f3: \u201cEs un primer partido en la historia de Los Pumas, creo que es algo muy lindo y estamos disfrutando un mont\u00f3n. Obviamente es importante este contacto con la gente recorriendo el pa\u00eds, somos un equipo que representa a toda la Argentina, fundamentalmente tenemos que ir por todos lados, y estar con nuestra gente, nos llena de alegr\u00eda para poder enfrentar el s\u00e1bado\u201d. <\/p>\n\n\n\n<figure class=\"wp-block-image size-large\"><a href=\"https:\/\/i0.wp.com\/elterritorialweb.com.ar\/web\/wp-content\/uploads\/2022\/07\/LOS-PUMAS-3.jpg\"><img data-recalc-dims=\"1\" decoding=\"async\" width=\"640\" height=\"427\" data-src=\"https:\/\/i0.wp.com\/elterritorialweb.com.ar\/web\/wp-content\/uploads\/2022\/07\/LOS-PUMAS-3.jpg?resize=640%2C427\" alt=\"\" class=\"wp-image-42293 lazyload\" data-srcset=\"https:\/\/i0.wp.com\/elterritorialweb.com.ar\/web\/wp-content\/uploads\/2022\/07\/LOS-PUMAS-3.jpg?resize=1024%2C683 1024w, https:\/\/i0.wp.com\/elterritorialweb.com.ar\/web\/wp-content\/uploads\/2022\/07\/LOS-PUMAS-3.jpg?resize=300%2C200 300w, https:\/\/i0.wp.com\/elterritorialweb.com.ar\/web\/wp-content\/uploads\/2022\/07\/LOS-PUMAS-3.jpg?resize=768%2C512 768w, https:\/\/i0.wp.com\/elterritorialweb.com.ar\/web\/wp-content\/uploads\/2022\/07\/LOS-PUMAS-3.jpg?resize=1536%2C1025 1536w, https:\/\/i0.wp.com\/elterritorialweb.com.ar\/web\/wp-content\/uploads\/2022\/07\/LOS-PUMAS-3.jpg?w=2048 2048w, https:\/\/i0.wp.com\/elterritorialweb.com.ar\/web\/wp-content\/uploads\/2022\/07\/LOS-PUMAS-3.jpg?w=1280 1280w, https:\/\/i0.wp.com\/elterritorialweb.com.ar\/web\/wp-content\/uploads\/2022\/07\/LOS-PUMAS-3.jpg?w=1920 1920w\" data-sizes=\"(max-width: 640px) 100vw, 640px\" src=\"data:image\/svg+xml;base64,PHN2ZyB3aWR0aD0iMSIgaGVpZ2h0PSIxIiB4bWxucz0iaHR0cDovL3d3dy53My5vcmcvMjAwMC9zdmciPjwvc3ZnPg==\" style=\"--smush-placeholder-width: 640px; --smush-placeholder-aspect-ratio: 640\/427;\" \/><\/a><\/figure>\n\n\n\n<p>Por otra parte, el santiague\u00f1o Facundo Isa dijo: \u201cLa estamos pasando de diez, desde que llegamos nos han tratado muy bien, esperemos que todo esto sea una fiesta, y que ayude mucho a los clubes de la provincia. En esta gira, se siente mucho la calidez de las personas, la verdad que en el norte el rugby es muy importante, han salido muy bueno jugadores de ac\u00e1, y eso motiva mucho y ayuda a los clubes para llamar m\u00e1s chicos y seguir sumando gente, eso es lo m\u00e1s importante\u201d. <\/p>\n\n\n\n<figure class=\"wp-block-image size-large\"><a href=\"https:\/\/i0.wp.com\/elterritorialweb.com.ar\/web\/wp-content\/uploads\/2022\/07\/LOS-PUMAS-2.jpg\"><img data-recalc-dims=\"1\" decoding=\"async\" width=\"640\" height=\"427\" data-src=\"https:\/\/i0.wp.com\/elterritorialweb.com.ar\/web\/wp-content\/uploads\/2022\/07\/LOS-PUMAS-2.jpg?resize=640%2C427\" alt=\"\" class=\"wp-image-42292 lazyload\" data-srcset=\"https:\/\/i0.wp.com\/elterritorialweb.com.ar\/web\/wp-content\/uploads\/2022\/07\/LOS-PUMAS-2.jpg?resize=1024%2C683 1024w, https:\/\/i0.wp.com\/elterritorialweb.com.ar\/web\/wp-content\/uploads\/2022\/07\/LOS-PUMAS-2.jpg?resize=300%2C200 300w, https:\/\/i0.wp.com\/elterritorialweb.com.ar\/web\/wp-content\/uploads\/2022\/07\/LOS-PUMAS-2.jpg?resize=768%2C512 768w, https:\/\/i0.wp.com\/elterritorialweb.com.ar\/web\/wp-content\/uploads\/2022\/07\/LOS-PUMAS-2.jpg?resize=1536%2C1025 1536w, https:\/\/i0.wp.com\/elterritorialweb.com.ar\/web\/wp-content\/uploads\/2022\/07\/LOS-PUMAS-2.jpg?w=2048 2048w, https:\/\/i0.wp.com\/elterritorialweb.com.ar\/web\/wp-content\/uploads\/2022\/07\/LOS-PUMAS-2.jpg?w=1280 1280w, https:\/\/i0.wp.com\/elterritorialweb.com.ar\/web\/wp-content\/uploads\/2022\/07\/LOS-PUMAS-2.jpg?w=1920 1920w\" data-sizes=\"(max-width: 640px) 100vw, 640px\" src=\"data:image\/svg+xml;base64,PHN2ZyB3aWR0aD0iMSIgaGVpZ2h0PSIxIiB4bWxucz0iaHR0cDovL3d3dy53My5vcmcvMjAwMC9zdmciPjwvc3ZnPg==\" style=\"--smush-placeholder-width: 640px; --smush-placeholder-aspect-ratio: 640\/427;\" \/><\/a><\/figure>\n\n\n\n<p>El equipo y cuerpo t\u00e9cnico continuar\u00e1 con sus actividades este jueves 14 de julio a partir de las 14.30 con la charla scrum, dictada por Andr\u00e9s Bordoy, Alexis Padovani, Jorge Garc\u00eda y Federico Misihima, destinada a entrenadores y p\u00fablico en general en las instalaciones del sal\u00f3n Ram\u00f3n Carrillo del Polideportivo Provincial. <\/p>\n\n\n\n<figure class=\"wp-block-image size-large\"><a href=\"https:\/\/i0.wp.com\/elterritorialweb.com.ar\/web\/wp-content\/uploads\/2022\/07\/LOS-PUMAS-4.jpg\"><img data-recalc-dims=\"1\" decoding=\"async\" width=\"640\" height=\"427\" data-src=\"https:\/\/i0.wp.com\/elterritorialweb.com.ar\/web\/wp-content\/uploads\/2022\/07\/LOS-PUMAS-4.jpg?resize=640%2C427\" alt=\"\" class=\"wp-image-42294 lazyload\" data-srcset=\"https:\/\/i0.wp.com\/elterritorialweb.com.ar\/web\/wp-content\/uploads\/2022\/07\/LOS-PUMAS-4.jpg?resize=1024%2C683 1024w, https:\/\/i0.wp.com\/elterritorialweb.com.ar\/web\/wp-content\/uploads\/2022\/07\/LOS-PUMAS-4.jpg?resize=300%2C200 300w, https:\/\/i0.wp.com\/elterritorialweb.com.ar\/web\/wp-content\/uploads\/2022\/07\/LOS-PUMAS-4.jpg?resize=768%2C512 768w, https:\/\/i0.wp.com\/elterritorialweb.com.ar\/web\/wp-content\/uploads\/2022\/07\/LOS-PUMAS-4.jpg?resize=1536%2C1025 1536w, https:\/\/i0.wp.com\/elterritorialweb.com.ar\/web\/wp-content\/uploads\/2022\/07\/LOS-PUMAS-4.jpg?w=2048 2048w, https:\/\/i0.wp.com\/elterritorialweb.com.ar\/web\/wp-content\/uploads\/2022\/07\/LOS-PUMAS-4.jpg?w=1280 1280w, https:\/\/i0.wp.com\/elterritorialweb.com.ar\/web\/wp-content\/uploads\/2022\/07\/LOS-PUMAS-4.jpg?w=1920 1920w\" data-sizes=\"(max-width: 640px) 100vw, 640px\" src=\"data:image\/svg+xml;base64,PHN2ZyB3aWR0aD0iMSIgaGVpZ2h0PSIxIiB4bWxucz0iaHR0cDovL3d3dy53My5vcmcvMjAwMC9zdmciPjwvc3ZnPg==\" style=\"--smush-placeholder-width: 640px; --smush-placeholder-aspect-ratio: 640\/427;\" \/><\/a><\/figure>\n\n\n\n<p>Tambi\u00e9n se dictar\u00e1 la charla \u201cInstancia presencial CRI y CPJ\u201d, a cargo de Mart\u00edn Am\u00f3n y Mart\u00edn Gait\u00e1n, dirigida a entrenadores en condiciones de acreditar el curso de RI o PJ. Ser\u00e1 a partir de las 15.30 en el sal\u00f3n Ram\u00f3n Carrillo del Polideportivo Provincial. Luego, a las 18 habr\u00e1 una conferencia referato para \u00e1rbitros y p\u00fablico en general.<\/p>\n","protected":false},"excerpt":{"rendered":"<p>El Seleccionado Argentino de Rugby Los Pumas U.A.R, entrenaron en el predio de Old Lions Rugby Club, como parte de una cargada agenda que se desarrollar\u00e1 hasta el s\u00e1bado 16 de julio, cuando se dispute el test match contra Escocia, en el Estadio \u00danico Madre de Ciudades<\/p>\n","protected":false},"author":2,"featured_media":42295,"comment_status":"open","ping_status":"open","sticky":false,"template":"","format":"standard","meta":{"om_disable_all_campaigns":false,"_monsterinsights_skip_tracking":false,"_monsterinsights_sitenote_active":false,"_monsterinsights_sitenote_note":"","_monsterinsights_sitenote_category":0,"_uf_show_specific_survey":0,"_uf_disable_surveys":false,"jetpack_post_was_ever_published":false,"_jetpack_newsletter_access":"","_jetpack_dont_email_post_to_subs":false,"_jetpack_newsletter_tier_id":0,"_jetpack_memberships_contains_paywalled_content":false,"_jetpack_memberships_contains_paid_content":false,"footnotes":"","jetpack_publicize_message":"","jetpack_publicize_feature_enabled":true,"jetpack_social_post_already_shared":false,"jetpack_social_options":{"image_generator_settings":{"template":"highway","default_image_id":0,"font":"","enabled":false},"version":2}},"categories":[6],"tags":[],"class_list":["post-42290","post","type-post","status-publish","format-standard","has-post-thumbnail","hentry","category-deportes"],"aioseo_notices":[],"views":11,"jetpack_publicize_connections":[],"jetpack_featured_media_url":"https:\/\/i0.wp.com\/elterritorialweb.com.ar\/web\/wp-content\/uploads\/2022\/07\/LOS-PUMAS.jpg?fit=2048%2C1366","jetpack_sharing_enabled":true,"_links":{"self":[{"href":"http:\/\/elterritorialweb.com.ar\/web\/wp-json\/wp\/v2\/posts\/42290","targetHints":{"allow":["GET"]}}],"collection":[{"href":"http:\/\/elterritorialweb.com.ar\/web\/wp-json\/wp\/v2\/posts"}],"about":[{"href":"http:\/\/elterritorialweb.com.ar\/web\/wp-json\/wp\/v2\/types\/post"}],"author":[{"embeddable":true,"href":"http:\/\/elterritorialweb.com.ar\/web\/wp-json\/wp\/v2\/users\/2"}],"replies":[{"embeddable":true,"href":"http:\/\/elterritorialweb.com.ar\/web\/wp-json\/wp\/v2\/comments?post=42290"}],"version-history":[{"count":1,"href":"http:\/\/elterritorialweb.com.ar\/web\/wp-json\/wp\/v2\/posts\/42290\/revisions"}],"predecessor-version":[{"id":42296,"href":"http:\/\/elterritorialweb.com.ar\/web\/wp-json\/wp\/v2\/posts\/42290\/revisions\/42296"}],"wp:featuredmedia":[{"embeddable":true,"href":"http:\/\/elterritorialweb.com.ar\/web\/wp-json\/wp\/v2\/media\/42295"}],"wp:attachment":[{"href":"http:\/\/elterritorialweb.com.ar\/web\/wp-json\/wp\/v2\/media?parent=42290"}],"wp:term":[{"taxonomy":"category","embeddable":true,"href":"http:\/\/elterritorialweb.com.ar\/web\/wp-json\/wp\/v2\/categories?post=42290"},{"taxonomy":"post_tag","embeddable":true,"href":"http:\/\/elterritorialweb.com.ar\/web\/wp-json\/wp\/v2\/tags?post=42290"}],"curies":[{"name":"wp","href":"https:\/\/api.w.org\/{rel}","templated":true}]}}