{"id":42297,"date":"2022-07-14T00:05:26","date_gmt":"2022-07-14T00:05:26","guid":{"rendered":"http:\/\/elterritorialweb.com.ar\/web\/?p=42297"},"modified":"2022-07-14T00:06:15","modified_gmt":"2022-07-14T00:06:15","slug":"la-inflacion-de-estados-unidos-subio-a-91-interanual-la-mas-alta-desde-1981","status":"publish","type":"post","link":"http:\/\/elterritorialweb.com.ar\/web\/la-inflacion-de-estados-unidos-subio-a-91-interanual-la-mas-alta-desde-1981\/","title":{"rendered":"LA INFLACI\u00d3N DE ESTADOS UNIDOS SUBI\u00d3 UN 9,1% INTERANUAL, LA M\u00c1S ALTA DESDE 1981"},"content":{"rendered":"\n<p>El \u00edndice de precios al consumidor&nbsp;<strong>en los Estados Unidos registr\u00f3 una suba del 1,3% en junio, lo que ubic\u00f3 en 9,1% el registr\u00f3 de los doce \u00faltimos meses, con lo que alcanz\u00f3 la marca m\u00e1s alta desde noviembre de 1981 a la fecha<\/strong>, inform\u00f3 este mi\u00e9rcoles en Washington la Oficina de Estad\u00edsticas Laborales (BLS por sus siglas en ingl\u00e9s).<\/p>\n\n\n\n<p><strong>El aumento fue generalizado y los rubros combustibles, vivienda y alimentos fueron los que m\u00e1s incrementos mostraron<\/strong>.<\/p>\n\n\n\n<p>Con estas subas, la inflaci\u00f3n en los \u00faltimos 12 meses trep\u00f3 9,1% la mayor desde noviembre de 1981, seg\u00fan consign\u00f3 la BLS en su p\u00e1gina web.<\/p>\n\n\n\n<p>El \u00edndice de energ\u00eda subi\u00f3 un 7,5% durante junio y aport\u00f3 casi la mitad de todos los aumentos, con el rubro combustibles con un avance de 11,2%, mientras que los alimentos se incrementaron 1% promedio.<\/p>\n\n\n\n<p>La denominada inflaci\u00f3n n\u00facleo subi\u00f3 0,7% en junio, tras marcar incremento del 0,6% en los dos meses anteriores; mientras que en el \u00faltimo a\u00f1o acumul\u00f3 un avance de 5,9%.<\/p>\n\n\n\n<p>El informe oficial precis\u00f3 que el \u00edndice energ\u00e9tico acumul\u00f3 un aumento del 41,6% en el \u00faltimo a\u00f1o, el mayor incremento de 12 meses desde el per\u00edodo que finaliz\u00f3 en abril de 1980.<\/p>\n\n\n\n<p>En tanto, el \u00edndice de alimentos aument\u00f3 10,4% para los 12 meses que terminaron en junio, tambi\u00e9n el mayor incremento para similar per\u00edodo desde febrero de 1981.<\/p>\n\n\n\n<p>La aguda suba de la inflaci\u00f3n deja ahora abierta la puerta para que la Reserva Federal (FED) adopte una posici\u00f3n a\u00fan m\u00e1s agresiva, en la suba de tasas de inter\u00e9s, en su pr\u00f3xima reuni\u00f3n prevista para el 26 y 27 de julio pr\u00f3ximos.<\/p>\n\n\n\n<p>Para algunos analistas, un aumento de punto porcentual ahora tiene m\u00e1s probabilidades de ocurrir, seg\u00fan una medici\u00f3n de consultas del Chicago Mercantil Exchange Group (CME Group), realizada a trav\u00e9s de la herramienta FedWatch.<\/p>\n\n\n\n<p>Los directores de la FED han tenido problemas para encontrar una respuesta adecuada a una situaci\u00f3n que se agrav\u00f3 con los cortes en las cadenas de suministro y la demanda desmesurada de bienes y servicios.<\/p>\n\n\n\n<p><strong>Los billones de d\u00f3lares inyectados en est\u00edmulos financieros relacionados con la pandemia del Covid han hecho que los consumidores se llenen de efectivo y se enfrenten con los precios m\u00e1s altos<\/strong>, desde los primeros d\u00edas de la administraci\u00f3n Reagan.<\/p>\n\n\n\n<p>Hasta ahora, la FED ha aplicado una serie de aumentos de las tasas de inter\u00e9s que han aumentado los costos de endeudamiento a corto plazo en 1,5 puntos porcentuales. Se espera que el organismo contin\u00fae subiendo la tasa de fondos federales hasta que la inflaci\u00f3n se acerque a su objetivo de largo plazo del 2%.<\/p>\n\n\n\n<p>Los funcionarios de la Casa Blanca han atribuido el aumento de los precios a la invasi\u00f3n de Ucrania por parte de Rusia , aunque la inflaci\u00f3n ya estaba subiendo agresivamente antes del ataque en febrero.<\/p>\n\n\n\n<p><strong>El presidente Joseph Biden pidi\u00f3 a los propietarios de las estaciones de servicio que bajen los precios de los combustibles.<\/strong><\/p>\n\n\n\n<p>La administraci\u00f3n y los principales dirigentes dem\u00f3cratas tambi\u00e9n culparon a lo que denominan como \u00abcorporaciones codiciosas\u00bb, por usar la pandemia como excusa para subir los precios.<\/p>\n\n\n\n<p>Sin embargo, las ganancias corporativas despu\u00e9s de impuestos aumentaron solo un 1,3% en total desde el segundo trimestre de 2021, cuando la inflaci\u00f3n se aceler\u00f3.<\/p>\n\n\n\n<p>En una declaraci\u00f3n posterior al informe, el presidente Biden dijo que&nbsp;<strong>\u00ababordar la inflaci\u00f3n es mi principal prioridad\u00bb&nbsp;<\/strong>y repiti\u00f3 los llamados anteriores para que las compa\u00f1\u00edas de petr\u00f3leo y gas bajen los precios y el Congreso vote la legislaci\u00f3n que, seg\u00fan \u00e9l, reducir\u00e1 los costos de varios productos y servicios.<\/p>\n\n\n\n<p>Algunos economistas creen que la inflaci\u00f3n podr\u00eda estar alcanzando un pico a corto plazo.<strong>&nbsp;Los precios de la gasolina, por ejemplo, han ca\u00eddo de los sorprendentes 5 d\u00f3lares por gal\u00f3n&nbsp;<\/strong>(equivalente a 1,33 d\u00f3lares por litro) alcanzados a mediados de junio a un promedio de 4,63 d\u00f3lares por gal\u00f3n (1,22 d\u00f3lares por litro) hoy, en todo el pa\u00eds, a\u00fan mucho m\u00e1s alto que hace un a\u00f1o.<\/p>\n\n\n\n<p>De all\u00ed que adquiere especial relevancia la gira que emprender\u00e1 Biden por Oriente Medio y donde se destaca la cumbre con el pr\u00edncipe heredero saudita Mohammad Bin Salman a quien exigir\u00e1 un mayor aumento de la producci\u00f3n de crudo para bajar los precios, para mitigar su efecto sobre la inflaci\u00f3n.<\/p>\n","protected":false},"excerpt":{"rendered":"<p>La suba del \u00edndice de precios al consumidor en junio constituy\u00f3 la mayor de los \u00faltimos 40 a\u00f1os, seg\u00fan mostraron datos del Departamento de Trabajo de Estados Unidos.<\/p>\n","protected":false},"author":2,"featured_media":42299,"comment_status":"open","ping_status":"open","sticky":false,"template":"","format":"standard","meta":{"om_disable_all_campaigns":false,"_monsterinsights_skip_tracking":false,"_monsterinsights_sitenote_active":false,"_monsterinsights_sitenote_note":"","_monsterinsights_sitenote_category":0,"_uf_show_specific_survey":0,"_uf_disable_surveys":false,"jetpack_post_was_ever_published":false,"_jetpack_newsletter_access":"","_jetpack_dont_email_post_to_subs":false,"_jetpack_newsletter_tier_id":0,"_jetpack_memberships_contains_paywalled_content":false,"_jetpack_memberships_contains_paid_content":false,"footnotes":"","jetpack_publicize_message":"","jetpack_publicize_feature_enabled":true,"jetpack_social_post_already_shared":false,"jetpack_social_options":{"image_generator_settings":{"template":"highway","default_image_id":0,"font":"","enabled":false},"version":2}},"categories":[2,10],"tags":[],"class_list":["post-42297","post","type-post","status-publish","format-standard","has-post-thumbnail","hentry","category-economia","category-internacionales"],"aioseo_notices":[],"views":2,"jetpack_publicize_connections":[],"jetpack_featured_media_url":"https:\/\/i0.wp.com\/elterritorialweb.com.ar\/web\/wp-content\/uploads\/2022\/07\/INFLACION-EEUU.jpg?fit=1024%2C603","jetpack_sharing_enabled":true,"_links":{"self":[{"href":"http:\/\/elterritorialweb.com.ar\/web\/wp-json\/wp\/v2\/posts\/42297","targetHints":{"allow":["GET"]}}],"collection":[{"href":"http:\/\/elterritorialweb.com.ar\/web\/wp-json\/wp\/v2\/posts"}],"about":[{"href":"http:\/\/elterritorialweb.com.ar\/web\/wp-json\/wp\/v2\/types\/post"}],"author":[{"embeddable":true,"href":"http:\/\/elterritorialweb.com.ar\/web\/wp-json\/wp\/v2\/users\/2"}],"replies":[{"embeddable":true,"href":"http:\/\/elterritorialweb.com.ar\/web\/wp-json\/wp\/v2\/comments?post=42297"}],"version-history":[{"count":2,"href":"http:\/\/elterritorialweb.com.ar\/web\/wp-json\/wp\/v2\/posts\/42297\/revisions"}],"predecessor-version":[{"id":42302,"href":"http:\/\/elterritorialweb.com.ar\/web\/wp-json\/wp\/v2\/posts\/42297\/revisions\/42302"}],"wp:featuredmedia":[{"embeddable":true,"href":"http:\/\/elterritorialweb.com.ar\/web\/wp-json\/wp\/v2\/media\/42299"}],"wp:attachment":[{"href":"http:\/\/elterritorialweb.com.ar\/web\/wp-json\/wp\/v2\/media?parent=42297"}],"wp:term":[{"taxonomy":"category","embeddable":true,"href":"http:\/\/elterritorialweb.com.ar\/web\/wp-json\/wp\/v2\/categories?post=42297"},{"taxonomy":"post_tag","embeddable":true,"href":"http:\/\/elterritorialweb.com.ar\/web\/wp-json\/wp\/v2\/tags?post=42297"}],"curies":[{"name":"wp","href":"https:\/\/api.w.org\/{rel}","templated":true}]}}