{"id":42303,"date":"2022-07-14T02:38:06","date_gmt":"2022-07-14T02:38:06","guid":{"rendered":"http:\/\/elterritorialweb.com.ar\/web\/?p=42303"},"modified":"2022-07-14T02:38:07","modified_gmt":"2022-07-14T02:38:07","slug":"presentan-el-proyecto-del-parque-turistico-y-recreativo-de-frias","status":"publish","type":"post","link":"http:\/\/elterritorialweb.com.ar\/web\/presentan-el-proyecto-del-parque-turistico-y-recreativo-de-frias\/","title":{"rendered":"PRESENTAN EL PROYECTO DEL PARQUE TUR\u00cdSTICO Y RECREATIVO DE FR\u00cdAS"},"content":{"rendered":"\n<p>Tambi\u00e9n participaron los comisionados de Choya, Jos\u00e9 Mar\u00eda G\u00f3mez, y Tapso Santiago, Hugo Cejas. Adem\u00e1s de prestadores tur\u00edsticos locales, instituciones deportivas, empresarios, miembros de la C\u00e1mara de Comercio, de la Agencia de Desarrollo Local y de la Sociedad Rural, concejales y funcionarios municipales.<\/p>\n\n\n\n<p>Este proyecto busca contribuir al crecimiento de nuevos espacios en la ciudad destinados a los turistas y las familias de la localidad. Tambi\u00e9n fortalece los lazos con Catamarca, a partir de la firma de un convenio de colaboraci\u00f3n celebrado hace dos a\u00f1os entre el gobernador Gerardo Zamora y Ra\u00fal Jalil de la vecina provincia, para promover el desarrollo tur\u00edstico de la Regi\u00f3n Albigasta.<\/p>\n\n\n\n<p>El parque contar\u00e1 con espacios verdes, un \u00e1rea de servicios para informaci\u00f3n tur\u00edstica, asistencia al viajero, un escenario para eventos, espacios para la gastronom\u00eda con sanitarios, adem\u00e1s de un \u00e1rea recreativa.<\/p>\n\n\n\n<p>Luego de recorrer el lugar donde se ejecutar\u00e1 la obra, Nelson Bravo dijo: \u00abFomentar la actividad tur\u00edstica es una pol\u00edtica de Estado en la provincia, potenciando los destinos tradicionales e impulsando nuevas modalidades y propuestas, ampliando la oferta en destinos emergentes con gran potencial\u201d.<\/p>\n\n\n\n<p>Destac\u00f3 adem\u00e1s que Fr\u00edas es la primera ciudad del interior de Santiago del Estero que accede a los beneficios de este plan que tambi\u00e9n impactar\u00e1 en Las Termas de R\u00edo Hondo como centro tur\u00edstico por excelencia.<\/p>\n\n\n\n<p>Por su parte, el intendente Padula resalt\u00f3: \u201cA trav\u00e9s del programa 50 Destinos estamos dando los primeros pasos para desarrollar tur\u00edsticamente la ciudad de Fr\u00edas y la regi\u00f3n, eso trae aparejado una demanda de servicios en el \u00e1rea tur\u00edstica, constantemente guiados y direccionados por la Subsecretar\u00eda de Turismo de la provincia y el Ministerio de Turismo y Deportes de la Naci\u00f3n\u201d.<\/p>\n","protected":false},"excerpt":{"rendered":"<p>En el marco del Plan 50 Destinos, el subsecretario de Turismo de la provincia, Nelson Bravo, particip\u00f3 este mi\u00e9rcoles junto con el intendente An\u00edbal Padula y la diputada provincial Soledad Ram\u00edrez, de la presentaci\u00f3n del proyecto de obra del Parque Tur\u00edstico y Recreativo \u201cFr\u00edas Nos Une\u201d, emplazado en un predio de 37.000 metros cuadrados que colinda con las rutas nacional N\u00b0 157 y provincial N\u00b0 6.<\/p>\n","protected":false},"author":2,"featured_media":42304,"comment_status":"open","ping_status":"open","sticky":false,"template":"","format":"standard","meta":{"om_disable_all_campaigns":false,"_monsterinsights_skip_tracking":false,"_monsterinsights_sitenote_active":false,"_monsterinsights_sitenote_note":"","_monsterinsights_sitenote_category":0,"_uf_show_specific_survey":0,"_uf_disable_surveys":false,"jetpack_post_was_ever_published":false,"_jetpack_newsletter_access":"","_jetpack_dont_email_post_to_subs":false,"_jetpack_newsletter_tier_id":0,"_jetpack_memberships_contains_paywalled_content":false,"_jetpack_memberships_contains_paid_content":false,"footnotes":"","jetpack_publicize_message":"","jetpack_publicize_feature_enabled":true,"jetpack_social_post_already_shared":false,"jetpack_social_options":{"image_generator_settings":{"template":"highway","default_image_id":0,"font":"","enabled":false},"version":2}},"categories":[29],"tags":[],"class_list":["post-42303","post","type-post","status-publish","format-standard","has-post-thumbnail","hentry","category-turismo"],"aioseo_notices":[],"views":7,"jetpack_publicize_connections":[],"jetpack_featured_media_url":"https:\/\/i0.wp.com\/elterritorialweb.com.ar\/web\/wp-content\/uploads\/2022\/07\/proyecto-.jpeg?fit=810%2C540","jetpack_sharing_enabled":true,"_links":{"self":[{"href":"http:\/\/elterritorialweb.com.ar\/web\/wp-json\/wp\/v2\/posts\/42303","targetHints":{"allow":["GET"]}}],"collection":[{"href":"http:\/\/elterritorialweb.com.ar\/web\/wp-json\/wp\/v2\/posts"}],"about":[{"href":"http:\/\/elterritorialweb.com.ar\/web\/wp-json\/wp\/v2\/types\/post"}],"author":[{"embeddable":true,"href":"http:\/\/elterritorialweb.com.ar\/web\/wp-json\/wp\/v2\/users\/2"}],"replies":[{"embeddable":true,"href":"http:\/\/elterritorialweb.com.ar\/web\/wp-json\/wp\/v2\/comments?post=42303"}],"version-history":[{"count":1,"href":"http:\/\/elterritorialweb.com.ar\/web\/wp-json\/wp\/v2\/posts\/42303\/revisions"}],"predecessor-version":[{"id":42305,"href":"http:\/\/elterritorialweb.com.ar\/web\/wp-json\/wp\/v2\/posts\/42303\/revisions\/42305"}],"wp:featuredmedia":[{"embeddable":true,"href":"http:\/\/elterritorialweb.com.ar\/web\/wp-json\/wp\/v2\/media\/42304"}],"wp:attachment":[{"href":"http:\/\/elterritorialweb.com.ar\/web\/wp-json\/wp\/v2\/media?parent=42303"}],"wp:term":[{"taxonomy":"category","embeddable":true,"href":"http:\/\/elterritorialweb.com.ar\/web\/wp-json\/wp\/v2\/categories?post=42303"},{"taxonomy":"post_tag","embeddable":true,"href":"http:\/\/elterritorialweb.com.ar\/web\/wp-json\/wp\/v2\/tags?post=42303"}],"curies":[{"name":"wp","href":"https:\/\/api.w.org\/{rel}","templated":true}]}}