{"id":42313,"date":"2022-07-15T00:57:30","date_gmt":"2022-07-15T00:57:30","guid":{"rendered":"http:\/\/elterritorialweb.com.ar\/web\/?p=42313"},"modified":"2022-07-15T00:57:31","modified_gmt":"2022-07-15T00:57:31","slug":"conferencia-de-prensa-de-michael-cheika-dt-de-los-pumas","status":"publish","type":"post","link":"http:\/\/elterritorialweb.com.ar\/web\/conferencia-de-prensa-de-michael-cheika-dt-de-los-pumas\/","title":{"rendered":"CONFERENCIA DE PRENSA DE MICHAEL CHEIKA DT DE LOS PUMAS"},"content":{"rendered":"\n<p>En la conferencia, el entrenador dijo que ya tiene armado el equipo titular donde aparece el santiague\u00f1o Facundo Isa y resalt\u00f3 que \u201cen esta parte del proceso es muy importante dar la oportunidad a todos los jugadores\u201d.<\/p>\n\n\n\n<p>Tambi\u00e9n manifest\u00f3 su alegr\u00eda por estar en Santiago del Estero y sobre todo espera que el equipo muestre una \u201cimagen diferente\u201d a lo que fue en los partidos anteriores.<\/p>\n\n\n\n<p>\u201cA los jugadores los veo bien f\u00edsicamente, confiados y centrados en que van a hacer un buen partido\u201d, resalt\u00f3 Cheika, qui\u00e9n adem\u00e1s agreg\u00f3 que a Facundo Isa lo ve en buen estado<\/p>\n\n\n\n<p>Con once cambios, Los Pumas disputar\u00e1n el tercer y \u00faltimo partido en la ventana de Julio y definir\u00e1 la serie que se encuentra empatada.<\/p>\n","protected":false},"excerpt":{"rendered":"<p>El director t\u00e9cnico del Seleccionado Argentino de Rugby, Los Pumas, Michael Cheika, brind\u00f3 este jueves una conferencia de prensa en el Centro de Convenciones F\u00f3rum, como parte del cronograma que est\u00e1 realizando el plantel en el marco del partido que se desarrollar\u00e1 este s\u00e1bado contra Escocia en el Estadio \u00danico \u201cMadre de Ciudades\u201d.<\/p>\n","protected":false},"author":2,"featured_media":42314,"comment_status":"open","ping_status":"open","sticky":false,"template":"","format":"standard","meta":{"om_disable_all_campaigns":false,"_monsterinsights_skip_tracking":false,"_monsterinsights_sitenote_active":false,"_monsterinsights_sitenote_note":"","_monsterinsights_sitenote_category":0,"_uf_show_specific_survey":0,"_uf_disable_surveys":false,"jetpack_post_was_ever_published":false,"_jetpack_newsletter_access":"","_jetpack_dont_email_post_to_subs":false,"_jetpack_newsletter_tier_id":0,"_jetpack_memberships_contains_paywalled_content":false,"_jetpack_memberships_contains_paid_content":false,"footnotes":"","jetpack_publicize_message":"","jetpack_publicize_feature_enabled":true,"jetpack_social_post_already_shared":false,"jetpack_social_options":{"image_generator_settings":{"template":"highway","default_image_id":0,"font":"","enabled":false},"version":2}},"categories":[6],"tags":[],"class_list":["post-42313","post","type-post","status-publish","format-standard","has-post-thumbnail","hentry","category-deportes"],"aioseo_notices":[],"views":7,"jetpack_publicize_connections":[],"jetpack_featured_media_url":"https:\/\/i0.wp.com\/elterritorialweb.com.ar\/web\/wp-content\/uploads\/2022\/07\/entrenador.jpeg?fit=1280%2C859","jetpack_sharing_enabled":true,"_links":{"self":[{"href":"http:\/\/elterritorialweb.com.ar\/web\/wp-json\/wp\/v2\/posts\/42313","targetHints":{"allow":["GET"]}}],"collection":[{"href":"http:\/\/elterritorialweb.com.ar\/web\/wp-json\/wp\/v2\/posts"}],"about":[{"href":"http:\/\/elterritorialweb.com.ar\/web\/wp-json\/wp\/v2\/types\/post"}],"author":[{"embeddable":true,"href":"http:\/\/elterritorialweb.com.ar\/web\/wp-json\/wp\/v2\/users\/2"}],"replies":[{"embeddable":true,"href":"http:\/\/elterritorialweb.com.ar\/web\/wp-json\/wp\/v2\/comments?post=42313"}],"version-history":[{"count":1,"href":"http:\/\/elterritorialweb.com.ar\/web\/wp-json\/wp\/v2\/posts\/42313\/revisions"}],"predecessor-version":[{"id":42315,"href":"http:\/\/elterritorialweb.com.ar\/web\/wp-json\/wp\/v2\/posts\/42313\/revisions\/42315"}],"wp:featuredmedia":[{"embeddable":true,"href":"http:\/\/elterritorialweb.com.ar\/web\/wp-json\/wp\/v2\/media\/42314"}],"wp:attachment":[{"href":"http:\/\/elterritorialweb.com.ar\/web\/wp-json\/wp\/v2\/media?parent=42313"}],"wp:term":[{"taxonomy":"category","embeddable":true,"href":"http:\/\/elterritorialweb.com.ar\/web\/wp-json\/wp\/v2\/categories?post=42313"},{"taxonomy":"post_tag","embeddable":true,"href":"http:\/\/elterritorialweb.com.ar\/web\/wp-json\/wp\/v2\/tags?post=42313"}],"curies":[{"name":"wp","href":"https:\/\/api.w.org\/{rel}","templated":true}]}}