{"id":42319,"date":"2022-07-15T01:30:54","date_gmt":"2022-07-15T01:30:54","guid":{"rendered":"http:\/\/elterritorialweb.com.ar\/web\/?p=42319"},"modified":"2022-07-15T01:30:54","modified_gmt":"2022-07-15T01:30:54","slug":"fuentes-destaco-la-construccion-de-viviendas-con-ladrillos-ecologicos-en-el-barrio-belen","status":"publish","type":"post","link":"http:\/\/elterritorialweb.com.ar\/web\/fuentes-destaco-la-construccion-de-viviendas-con-ladrillos-ecologicos-en-el-barrio-belen\/","title":{"rendered":"FUENTES DESTACO LA CONSTRUCCI\u00d3N DE VIVIENDAS CON LADRILLOS ECOL\u00d3GICOS EN EL BARRIO BELEN"},"content":{"rendered":"\n<p>Las flamantes casas son construidas con ladrillos ecol\u00f3gicos, elaborados con pl\u00e1sticos reutilizados, lo que les brinda caracter\u00edsticas sustentables, ya que \u00e9stos no necesitan cocci\u00f3n y, por lo tanto, no se gasta en le\u00f1a ni se contamina el medio ambiente. Adem\u00e1s, al ser construcciones en seco, son m\u00e1s limpias y r\u00e1pidas, us\u00e1ndose un pegamento especial para sellar las uniones de los ladrillos, que encajan perfectamente unos con otros.<\/p>\n\n\n\n<p>En este sentido, la jefa comunal manifest\u00f3 su benepl\u00e1cito \u00abpor avanzar en pol\u00edticas ambientales para la ciudad, consolidando un c\u00edrculo virtuoso en el que, gracias a las botellas pl\u00e1sticas que recolectamos en las diferentes campa\u00f1as de eco canje, pudimos materializar nuevas soluciones habitacionales para los vecinos\u00bb.<\/p>\n\n\n\n<p>\u00abDe esta manera, no solo contribuimos al mantenimiento de la higiene urbana, sino que tambi\u00e9n damos respuesta a la demanda de la casa propia, contando siempre con la colaboraci\u00f3n de instituciones educativas, clubes deportivos, centros de jubilados y organizaciones ambientalistas que se suman a todas las iniciativas que impulsa el municipio para tener una ciudad m\u00e1s verde\u00bb, expres\u00f3.<\/p>\n\n\n\n<p>Por su parte, Du Bois destac\u00f3 \u00abla importancia de este proyecto que consolida la conciencia ecol\u00f3gica de la poblaci\u00f3n, ya que son cada vez m\u00e1s las asociaciones que se suman a las campa\u00f1as de recolecci\u00f3n de envases pl\u00e1sticos, en un trabajo articulado entre los gobiernos provincial y municipal\u00bb.<\/p>\n\n\n\n<p>\u00abEsperamos avanzar en la construcci\u00f3n de nuevas viviendas con estas caracter\u00edsticas t\u00e9cnicas en diferentes barrios de la ciudad, teniendo en cuenta que se necesita una gran cantidad de botellas para la elaboraci\u00f3n de los ladrillos, por lo que invitamos a la comunidad a seguir reciclando y reutilizando estos materiales\u00bb, se\u00f1al\u00f3.<\/p>\n","protected":false},"excerpt":{"rendered":"<p>La intendente de la Capital, Ing. Norma Fuentes y el presidente del IPVU, CPN Augusto Du Bois, visitaron la construcci\u00f3n de dos nuevas viviendas sociales ecol\u00f3gicas en el barrio Bel\u00e9n, que se realizan en el marco de un convenio oportunamente firmado con el Conicet.<\/p>\n","protected":false},"author":2,"featured_media":42320,"comment_status":"open","ping_status":"open","sticky":false,"template":"","format":"standard","meta":{"om_disable_all_campaigns":false,"_monsterinsights_skip_tracking":false,"_monsterinsights_sitenote_active":false,"_monsterinsights_sitenote_note":"","_monsterinsights_sitenote_category":0,"_uf_show_specific_survey":0,"_uf_disable_surveys":false,"jetpack_post_was_ever_published":false,"_jetpack_newsletter_access":"","_jetpack_dont_email_post_to_subs":false,"_jetpack_newsletter_tier_id":0,"_jetpack_memberships_contains_paywalled_content":false,"_jetpack_memberships_contains_paid_content":false,"footnotes":"","jetpack_publicize_message":"","jetpack_publicize_feature_enabled":true,"jetpack_social_post_already_shared":false,"jetpack_social_options":{"image_generator_settings":{"template":"highway","default_image_id":0,"font":"","enabled":false},"version":2}},"categories":[21],"tags":[],"class_list":["post-42319","post","type-post","status-publish","format-standard","has-post-thumbnail","hentry","category-locales"],"aioseo_notices":[],"views":8,"jetpack_publicize_connections":[],"jetpack_featured_media_url":"https:\/\/i0.wp.com\/elterritorialweb.com.ar\/web\/wp-content\/uploads\/2022\/07\/ladrillo-ecologico-fuentes-belen.jpeg?fit=1124%2C750","jetpack_sharing_enabled":true,"_links":{"self":[{"href":"http:\/\/elterritorialweb.com.ar\/web\/wp-json\/wp\/v2\/posts\/42319","targetHints":{"allow":["GET"]}}],"collection":[{"href":"http:\/\/elterritorialweb.com.ar\/web\/wp-json\/wp\/v2\/posts"}],"about":[{"href":"http:\/\/elterritorialweb.com.ar\/web\/wp-json\/wp\/v2\/types\/post"}],"author":[{"embeddable":true,"href":"http:\/\/elterritorialweb.com.ar\/web\/wp-json\/wp\/v2\/users\/2"}],"replies":[{"embeddable":true,"href":"http:\/\/elterritorialweb.com.ar\/web\/wp-json\/wp\/v2\/comments?post=42319"}],"version-history":[{"count":1,"href":"http:\/\/elterritorialweb.com.ar\/web\/wp-json\/wp\/v2\/posts\/42319\/revisions"}],"predecessor-version":[{"id":42321,"href":"http:\/\/elterritorialweb.com.ar\/web\/wp-json\/wp\/v2\/posts\/42319\/revisions\/42321"}],"wp:featuredmedia":[{"embeddable":true,"href":"http:\/\/elterritorialweb.com.ar\/web\/wp-json\/wp\/v2\/media\/42320"}],"wp:attachment":[{"href":"http:\/\/elterritorialweb.com.ar\/web\/wp-json\/wp\/v2\/media?parent=42319"}],"wp:term":[{"taxonomy":"category","embeddable":true,"href":"http:\/\/elterritorialweb.com.ar\/web\/wp-json\/wp\/v2\/categories?post=42319"},{"taxonomy":"post_tag","embeddable":true,"href":"http:\/\/elterritorialweb.com.ar\/web\/wp-json\/wp\/v2\/tags?post=42319"}],"curies":[{"name":"wp","href":"https:\/\/api.w.org\/{rel}","templated":true}]}}