{"id":42322,"date":"2022-07-15T01:37:46","date_gmt":"2022-07-15T01:37:46","guid":{"rendered":"http:\/\/elterritorialweb.com.ar\/web\/?p=42322"},"modified":"2022-07-15T01:42:17","modified_gmt":"2022-07-15T01:42:17","slug":"roger-nediani-reinauguro-la-sede-centrica-del-frente-renovador-y-progresista","status":"publish","type":"post","link":"http:\/\/elterritorialweb.com.ar\/web\/roger-nediani-reinauguro-la-sede-centrica-del-frente-renovador-y-progresista\/","title":{"rendered":"ROGER NEDIANI REINAUGUR\u00d3 LA SEDE C\u00c9NTRICA DEL FRENTE RENOVADOR Y PROGRESISTA"},"content":{"rendered":"\n<p>El evento estuvo encabezado por la f\u00f3rmula que representa al Frente con Roger Nediani para intendente y Gabriel Santill\u00e1n para vice, adem\u00e1s estuvieron presentes el presidente del partido Guillermo \u00abKuki\u00bb Mirolo, los candidatos a la Defensora del Pueblo Claudia Acu\u00f1a y Concejales: Carlos Ruiz, Stella Maris Mirolo, Cristi\u00e1n Mendoza, Miriam Martin, Luis Rodr\u00edguez, Gabriela Coronel, Clara G\u00f3mez y Gast\u00f3n Torres.<br>Luego del corte de cinta simb\u00f3lico, tom\u00f3 la palabra la candidata a Defensora del Pueblo Acu\u00f1a quien expres\u00f3: \u00abAgradezco la posibilidad de mi candidatura, es un honor formar parte de este partido con una persona honesta, sensible, humilde y con un sentido de justicia muy importante\u00bb.<br>\u00abTodos somos una familia que vamos a seguir creciendo, tengan la plena seguridad de que una vez que asumamos, voy a ser la mejor defensora de pueblo que tiene la ciudad\u00bb.<br>\u00abEsta es la lista triunfadora, estas personas presentes son los mejores candidatos que pueden tener, somos bande\u00f1os, somos las que m\u00e1s amamos a la ciudad, los que m\u00e1s conocemos los barrios. Conocemos cada uno de los barrios, cada necesidad, sabemos que tenemos mucho que hacer, la Banda ha crecido mucho y tenga la seguridad que vamos a seguir creciendo\u00bb.<br>Por su parte, Stella Mirolo hizo referencia a la sede: \u00abHa sido nuestra primera casa que nos ha cobijado\u00bb. Asimismo agradeci\u00f3 a Nediani por haber impulsado y llevar adelante esta campa\u00f1a como as\u00ed tambi\u00e9n al presidente del partido por el gran esfuerzo a pesar de su edad, \u00abes un ejemplo de vida para nosotros\u00bb.<br>En tanto que \u00abKuki\u00bb Mirolo agradeci\u00f3 el acompa\u00f1amiento de los presentes y el trabajo que realizan los dirigentes: \u00abLos partidos o agrupaciones no son importantes por su cantidad sino por la calidad de dirigentes que tenemos, el dirigente hace levantar las masas y hacen que el partido siga en pie\u00bb.<br>Asimismo se refiri\u00f3 a Nediani, manifestando: \u00abNuestro candidato tiene una trayectoria impresionante en nuestro partido, fue elegido en muchos puestos en el ambiente laboral y pol\u00edtico y tiene una gran trayectoria\u00bb.<\/p>\n\n\n\n<figure class=\"wp-block-image size-large\"><a href=\"https:\/\/i0.wp.com\/elterritorialweb.com.ar\/web\/wp-content\/uploads\/2022\/07\/WhatsApp-Image-2022-07-14-at-8.30.21-PM-1.jpeg\"><img data-recalc-dims=\"1\" decoding=\"async\" width=\"640\" height=\"423\" data-src=\"https:\/\/i0.wp.com\/elterritorialweb.com.ar\/web\/wp-content\/uploads\/2022\/07\/WhatsApp-Image-2022-07-14-at-8.30.21-PM-1.jpeg?resize=640%2C423\" alt=\"\" class=\"wp-image-42324 lazyload\" data-srcset=\"https:\/\/i0.wp.com\/elterritorialweb.com.ar\/web\/wp-content\/uploads\/2022\/07\/WhatsApp-Image-2022-07-14-at-8.30.21-PM-1.jpeg?resize=1024%2C676 1024w, https:\/\/i0.wp.com\/elterritorialweb.com.ar\/web\/wp-content\/uploads\/2022\/07\/WhatsApp-Image-2022-07-14-at-8.30.21-PM-1.jpeg?resize=300%2C198 300w, https:\/\/i0.wp.com\/elterritorialweb.com.ar\/web\/wp-content\/uploads\/2022\/07\/WhatsApp-Image-2022-07-14-at-8.30.21-PM-1.jpeg?resize=768%2C507 768w, https:\/\/i0.wp.com\/elterritorialweb.com.ar\/web\/wp-content\/uploads\/2022\/07\/WhatsApp-Image-2022-07-14-at-8.30.21-PM-1.jpeg?w=1280 1280w\" data-sizes=\"(max-width: 640px) 100vw, 640px\" src=\"data:image\/svg+xml;base64,PHN2ZyB3aWR0aD0iMSIgaGVpZ2h0PSIxIiB4bWxucz0iaHR0cDovL3d3dy53My5vcmcvMjAwMC9zdmciPjwvc3ZnPg==\" style=\"--smush-placeholder-width: 640px; --smush-placeholder-aspect-ratio: 640\/423;\" \/><\/a><\/figure>\n\n\n\n<p>Para finalizar este encuentro, tom\u00f3 la palabra el candidato Nediani, agradeciendo el trabajo de \u00abKuki\u00bb en la Sede \u201cque es la casa de todos y todas\u201d.<br>\u201cEsta casa, que hoy estamos reinaugurando es de suma importancia no solo para los que formamos parte de la familia del Frente Renovador y Progresista sino para cada uno de los bande\u00f1os y bande\u00f1as porque aqu\u00ed, vamos a poder proponer, sugerir, planificar, traer nuestros proyectos, anhelos y desde aqu\u00ed, hacerlos realidad\u201d.<br>\u201cQueremos que esta Banda de progreso se replique en cada uno de los barrios de la ciudad; los 92 barrios de la ciudad deben tener absolutamente todos los servicios porque todos nos merecemos vivir mejor\u201d.<br>\u201cExigimos en el municipio atenci\u00f3n permanente y escuchar al vecino, esa es la propuesta para que entre todos, vecinos y municipios podamos encontrar las mejores obras y servicios para mejorar la calidad de vida de cada uno de los bande\u00f1os\u201d.<br>\u201cNo solamente en mi persona van a encontrar un intendente, van a encontrar un hijo de esta ciudad, nacido, crecido, formado y trabajando en esta ciudad, amo a mi ciudad y como la amo, quiero lo mejor para ella y para cada uno de los habitantes que est\u00e1n en ella. Y estoy seguro que mis compa\u00f1eros que me acompa\u00f1an quieren y desean lo mismo\u201d, manifest\u00f3 Nediani.<\/p>\n","protected":false},"excerpt":{"rendered":"<p>Pr\u00f3ximos a las elecciones del 7 de agosto, la Sede del Frente Renovador y Progresista, situado en Av. Besares casi S\u00e1enz Pe\u00f1a fue reinaugurado oficialmente durante la noche del martes con gran concurrencia por parte de los vecinos que apoyan este proyecto de gobierno.<\/p>\n","protected":false},"author":2,"featured_media":42323,"comment_status":"open","ping_status":"open","sticky":false,"template":"","format":"standard","meta":{"om_disable_all_campaigns":false,"_monsterinsights_skip_tracking":false,"_monsterinsights_sitenote_active":false,"_monsterinsights_sitenote_note":"","_monsterinsights_sitenote_category":0,"_uf_show_specific_survey":0,"_uf_disable_surveys":false,"jetpack_post_was_ever_published":false,"_jetpack_newsletter_access":"","_jetpack_dont_email_post_to_subs":false,"_jetpack_newsletter_tier_id":0,"_jetpack_memberships_contains_paywalled_content":false,"_jetpack_memberships_contains_paid_content":false,"footnotes":"","jetpack_publicize_message":"","jetpack_publicize_feature_enabled":true,"jetpack_social_post_already_shared":false,"jetpack_social_options":{"image_generator_settings":{"template":"highway","default_image_id":0,"font":"","enabled":false},"version":2}},"categories":[18],"tags":[],"class_list":["post-42322","post","type-post","status-publish","format-standard","has-post-thumbnail","hentry","category-politica"],"aioseo_notices":[],"views":10,"jetpack_publicize_connections":[],"jetpack_featured_media_url":"https:\/\/i0.wp.com\/elterritorialweb.com.ar\/web\/wp-content\/uploads\/2022\/07\/WhatsApp-Image-2022-07-14-at-8.30.21-PM.jpeg?fit=1280%2C845","jetpack_sharing_enabled":true,"_links":{"self":[{"href":"http:\/\/elterritorialweb.com.ar\/web\/wp-json\/wp\/v2\/posts\/42322","targetHints":{"allow":["GET"]}}],"collection":[{"href":"http:\/\/elterritorialweb.com.ar\/web\/wp-json\/wp\/v2\/posts"}],"about":[{"href":"http:\/\/elterritorialweb.com.ar\/web\/wp-json\/wp\/v2\/types\/post"}],"author":[{"embeddable":true,"href":"http:\/\/elterritorialweb.com.ar\/web\/wp-json\/wp\/v2\/users\/2"}],"replies":[{"embeddable":true,"href":"http:\/\/elterritorialweb.com.ar\/web\/wp-json\/wp\/v2\/comments?post=42322"}],"version-history":[{"count":2,"href":"http:\/\/elterritorialweb.com.ar\/web\/wp-json\/wp\/v2\/posts\/42322\/revisions"}],"predecessor-version":[{"id":42326,"href":"http:\/\/elterritorialweb.com.ar\/web\/wp-json\/wp\/v2\/posts\/42322\/revisions\/42326"}],"wp:featuredmedia":[{"embeddable":true,"href":"http:\/\/elterritorialweb.com.ar\/web\/wp-json\/wp\/v2\/media\/42323"}],"wp:attachment":[{"href":"http:\/\/elterritorialweb.com.ar\/web\/wp-json\/wp\/v2\/media?parent=42322"}],"wp:term":[{"taxonomy":"category","embeddable":true,"href":"http:\/\/elterritorialweb.com.ar\/web\/wp-json\/wp\/v2\/categories?post=42322"},{"taxonomy":"post_tag","embeddable":true,"href":"http:\/\/elterritorialweb.com.ar\/web\/wp-json\/wp\/v2\/tags?post=42322"}],"curies":[{"name":"wp","href":"https:\/\/api.w.org\/{rel}","templated":true}]}}