{"id":42327,"date":"2022-07-15T02:04:31","date_gmt":"2022-07-15T02:04:31","guid":{"rendered":"http:\/\/elterritorialweb.com.ar\/web\/?p=42327"},"modified":"2022-07-15T02:04:31","modified_gmt":"2022-07-15T02:04:31","slug":"nueva-presentacion-del-pinta-conciencia-en-el-colegio-secundario-villa-del-carmen","status":"publish","type":"post","link":"http:\/\/elterritorialweb.com.ar\/web\/nueva-presentacion-del-pinta-conciencia-en-el-colegio-secundario-villa-del-carmen\/","title":{"rendered":"NUEVA PRESENTACI\u00d3N DEL \u00abPINTA CONCIENCIA\u00bb EN EL COLEGIO SECUNDARIO VILLA DEL CARMEN"},"content":{"rendered":"\n<p>Estuvo acompa\u00f1ada por la Ministra de Educaci\u00f3n de la Provincia, Mariela Nassif;\u00a0 la Directora de G\u00e9nero, Cecilia Sampaolesi, el Director de la Juventud municipal, Luis Llanos, autoridades del establecimiento educativo y estudiantes de los distintos niveles de la escuela.<\/p>\n\n\n\n<p>\u201cQuiero felicitarlos, a todos los que han intervenido y acompa\u00f1ado esta movida, que ya lleva 16 murales en todos los barrios de la ciudad y en esto est\u00e1 el desaf\u00edo de los adultos, en darles las herramientas a los j\u00f3venes, en especial despu\u00e9s de tiempos dif\u00edciles\u201d,&nbsp; manifest\u00f3 la Intendente.<\/p>\n\n\n\n<p>Asimismo, inst\u00f3 a los estudiantes a comunicar lo que sienten y a no aguardar nada, porque a su edad pasan situaciones muy complejas, con miradas distintas y resalt\u00f3: \u201cPor eso me alegra que se den estos espacios de di\u00e1logo,&nbsp; de encuentro y que el arte les permita mostrarlo\u201d.<\/p>\n\n\n\n<p>Por su parte, la Ministra Nassif, agradeci\u00f3 a la Intendente por permitirle a las escuelas participar de estos espacios de arte, de manifestaciones, que les da a los j\u00f3venes la posibilidad de expresarse y en eventos virtuosos. \u201cA trav\u00e9s del color, de las im\u00e1genes, hay un mensaje profundo que se les deja a los j\u00f3venes que tienen bajo su \u00f3rbita el futuro que no est\u00e1 muy lejos\u201d, concluy\u00f3.<\/p>\n","protected":false},"excerpt":{"rendered":"<p>La Intendente Ing. Norma Fuentes encabez\u00f3 la presentaci\u00f3n del mural del Programa Pinta Conciencia 2022 bajo la tem\u00e1tica de \u201cPrevenci\u00f3n de la violencia de g\u00e9nero\u201d que llevaron a cabo estudiantes del Colegio Secundario \u201cVilla del Carmen\u201d, en el barrio hom\u00f3nimo.<\/p>\n","protected":false},"author":2,"featured_media":42328,"comment_status":"open","ping_status":"open","sticky":false,"template":"","format":"standard","meta":{"om_disable_all_campaigns":false,"_monsterinsights_skip_tracking":false,"_monsterinsights_sitenote_active":false,"_monsterinsights_sitenote_note":"","_monsterinsights_sitenote_category":0,"_uf_show_specific_survey":0,"_uf_disable_surveys":false,"jetpack_post_was_ever_published":false,"_jetpack_newsletter_access":"","_jetpack_dont_email_post_to_subs":false,"_jetpack_newsletter_tier_id":0,"_jetpack_memberships_contains_paywalled_content":false,"_jetpack_memberships_contains_paid_content":false,"footnotes":"","jetpack_publicize_message":"","jetpack_publicize_feature_enabled":true,"jetpack_social_post_already_shared":false,"jetpack_social_options":{"image_generator_settings":{"template":"highway","default_image_id":0,"font":"","enabled":false},"version":2}},"categories":[21],"tags":[],"class_list":["post-42327","post","type-post","status-publish","format-standard","has-post-thumbnail","hentry","category-locales"],"aioseo_notices":[],"views":13,"jetpack_publicize_connections":[],"jetpack_featured_media_url":"https:\/\/i0.wp.com\/elterritorialweb.com.ar\/web\/wp-content\/uploads\/2022\/07\/pinta-conciencia-en-villa-del-carmen.jpeg?fit=1280%2C645","jetpack_sharing_enabled":true,"_links":{"self":[{"href":"http:\/\/elterritorialweb.com.ar\/web\/wp-json\/wp\/v2\/posts\/42327","targetHints":{"allow":["GET"]}}],"collection":[{"href":"http:\/\/elterritorialweb.com.ar\/web\/wp-json\/wp\/v2\/posts"}],"about":[{"href":"http:\/\/elterritorialweb.com.ar\/web\/wp-json\/wp\/v2\/types\/post"}],"author":[{"embeddable":true,"href":"http:\/\/elterritorialweb.com.ar\/web\/wp-json\/wp\/v2\/users\/2"}],"replies":[{"embeddable":true,"href":"http:\/\/elterritorialweb.com.ar\/web\/wp-json\/wp\/v2\/comments?post=42327"}],"version-history":[{"count":1,"href":"http:\/\/elterritorialweb.com.ar\/web\/wp-json\/wp\/v2\/posts\/42327\/revisions"}],"predecessor-version":[{"id":42329,"href":"http:\/\/elterritorialweb.com.ar\/web\/wp-json\/wp\/v2\/posts\/42327\/revisions\/42329"}],"wp:featuredmedia":[{"embeddable":true,"href":"http:\/\/elterritorialweb.com.ar\/web\/wp-json\/wp\/v2\/media\/42328"}],"wp:attachment":[{"href":"http:\/\/elterritorialweb.com.ar\/web\/wp-json\/wp\/v2\/media?parent=42327"}],"wp:term":[{"taxonomy":"category","embeddable":true,"href":"http:\/\/elterritorialweb.com.ar\/web\/wp-json\/wp\/v2\/categories?post=42327"},{"taxonomy":"post_tag","embeddable":true,"href":"http:\/\/elterritorialweb.com.ar\/web\/wp-json\/wp\/v2\/tags?post=42327"}],"curies":[{"name":"wp","href":"https:\/\/api.w.org\/{rel}","templated":true}]}}