{"id":42339,"date":"2022-07-15T02:51:39","date_gmt":"2022-07-15T02:51:39","guid":{"rendered":"http:\/\/elterritorialweb.com.ar\/web\/?p=42339"},"modified":"2022-07-15T02:51:40","modified_gmt":"2022-07-15T02:51:40","slug":"dura-derrota-de-central-cordoba-ante-patronato-en-el-terrera","status":"publish","type":"post","link":"http:\/\/elterritorialweb.com.ar\/web\/dura-derrota-de-central-cordoba-ante-patronato-en-el-terrera\/","title":{"rendered":"DURA DERROTA DE CENTRAL C\u00d3RDOBA ANTE PATRONATO EN EL TERRERA"},"content":{"rendered":"\n<p><strong>Central C\u00f3rdoba<\/strong>&nbsp;sufri\u00f3 una dura derrota esta noche al caer por 3-1 ante Patronato en el estadio&nbsp;<strong>Alfredo Terrera<\/strong>, en el partido que levant\u00f3 el tel\u00f3n de la octava fecha de la&nbsp;<strong>Liga Profesional.<\/strong><\/p>\n\n\n\n<figure class=\"wp-block-image size-large\"><a href=\"https:\/\/i0.wp.com\/elterritorialweb.com.ar\/web\/wp-content\/uploads\/2022\/07\/WhatsApp-Image-2022-07-15-at-2.54.58-AM.jpeg\"><img data-recalc-dims=\"1\" decoding=\"async\" width=\"640\" height=\"466\" data-src=\"https:\/\/i0.wp.com\/elterritorialweb.com.ar\/web\/wp-content\/uploads\/2022\/07\/WhatsApp-Image-2022-07-15-at-2.54.58-AM.jpeg?resize=640%2C466\" alt=\"\" class=\"wp-image-42345 lazyload\" data-srcset=\"https:\/\/i0.wp.com\/elterritorialweb.com.ar\/web\/wp-content\/uploads\/2022\/07\/WhatsApp-Image-2022-07-15-at-2.54.58-AM.jpeg?resize=1024%2C745 1024w, https:\/\/i0.wp.com\/elterritorialweb.com.ar\/web\/wp-content\/uploads\/2022\/07\/WhatsApp-Image-2022-07-15-at-2.54.58-AM.jpeg?resize=300%2C218 300w, https:\/\/i0.wp.com\/elterritorialweb.com.ar\/web\/wp-content\/uploads\/2022\/07\/WhatsApp-Image-2022-07-15-at-2.54.58-AM.jpeg?resize=768%2C559 768w, https:\/\/i0.wp.com\/elterritorialweb.com.ar\/web\/wp-content\/uploads\/2022\/07\/WhatsApp-Image-2022-07-15-at-2.54.58-AM.jpeg?w=1080 1080w\" data-sizes=\"(max-width: 640px) 100vw, 640px\" src=\"data:image\/svg+xml;base64,PHN2ZyB3aWR0aD0iMSIgaGVpZ2h0PSIxIiB4bWxucz0iaHR0cDovL3d3dy53My5vcmcvMjAwMC9zdmciPjwvc3ZnPg==\" style=\"--smush-placeholder-width: 640px; --smush-placeholder-aspect-ratio: 640\/466;\" \/><\/a><\/figure>\n\n\n\n<p>El\u00a0<strong>Ferro\u00a0<\/strong>mostr\u00f3 una p\u00e1lida imagen ante un rival directo en la lucha por la permanencia y qued\u00f3 al borde de la zona de descenso, a la que podr\u00eda caer si\u00a0<strong>Aldosivi\u00a0<\/strong>vence este viernes a\u00a0<strong>Atl\u00e9tico Tucum\u00e1n en Mar del Plata.<\/strong><\/p>\n\n\n\n<figure class=\"wp-block-image size-large\"><a href=\"https:\/\/i0.wp.com\/elterritorialweb.com.ar\/web\/wp-content\/uploads\/2022\/07\/WhatsApp-Image-2022-07-15-at-2.54.58-AM-1.jpeg\"><img data-recalc-dims=\"1\" decoding=\"async\" width=\"640\" height=\"465\" data-src=\"https:\/\/i0.wp.com\/elterritorialweb.com.ar\/web\/wp-content\/uploads\/2022\/07\/WhatsApp-Image-2022-07-15-at-2.54.58-AM-1.jpeg?resize=640%2C465\" alt=\"\" class=\"wp-image-42344 lazyload\" data-srcset=\"https:\/\/i0.wp.com\/elterritorialweb.com.ar\/web\/wp-content\/uploads\/2022\/07\/WhatsApp-Image-2022-07-15-at-2.54.58-AM-1.jpeg?resize=1024%2C744 1024w, https:\/\/i0.wp.com\/elterritorialweb.com.ar\/web\/wp-content\/uploads\/2022\/07\/WhatsApp-Image-2022-07-15-at-2.54.58-AM-1.jpeg?resize=300%2C218 300w, https:\/\/i0.wp.com\/elterritorialweb.com.ar\/web\/wp-content\/uploads\/2022\/07\/WhatsApp-Image-2022-07-15-at-2.54.58-AM-1.jpeg?resize=768%2C558 768w, https:\/\/i0.wp.com\/elterritorialweb.com.ar\/web\/wp-content\/uploads\/2022\/07\/WhatsApp-Image-2022-07-15-at-2.54.58-AM-1.jpeg?w=1080 1080w\" data-sizes=\"(max-width: 640px) 100vw, 640px\" src=\"data:image\/svg+xml;base64,PHN2ZyB3aWR0aD0iMSIgaGVpZ2h0PSIxIiB4bWxucz0iaHR0cDovL3d3dy53My5vcmcvMjAwMC9zdmciPjwvc3ZnPg==\" style=\"--smush-placeholder-width: 640px; --smush-placeholder-aspect-ratio: 640\/465;\" \/><\/a><\/figure>\n\n\n\n<p>Un error del golero ferroviario,\u00a0<strong>Cristopher Toselli\u00a0<\/strong>sobre los 11 minutos, propici\u00f3 el primer gol del partido, que termin\u00f3 marcando<strong>\u00a0Sebasti\u00e1n Medina\u00a0<\/strong>con el arco a su merced.<\/p>\n\n\n\n<figure class=\"wp-block-image size-large\"><a href=\"https:\/\/i0.wp.com\/elterritorialweb.com.ar\/web\/wp-content\/uploads\/2022\/07\/WhatsApp-Image-2022-07-15-at-2.54.58-AM-2.jpeg\"><img data-recalc-dims=\"1\" decoding=\"async\" width=\"640\" height=\"463\" data-src=\"https:\/\/i0.wp.com\/elterritorialweb.com.ar\/web\/wp-content\/uploads\/2022\/07\/WhatsApp-Image-2022-07-15-at-2.54.58-AM-2.jpeg?resize=640%2C463\" alt=\"\" class=\"wp-image-42343 lazyload\" data-srcset=\"https:\/\/i0.wp.com\/elterritorialweb.com.ar\/web\/wp-content\/uploads\/2022\/07\/WhatsApp-Image-2022-07-15-at-2.54.58-AM-2.jpeg?resize=1024%2C741 1024w, https:\/\/i0.wp.com\/elterritorialweb.com.ar\/web\/wp-content\/uploads\/2022\/07\/WhatsApp-Image-2022-07-15-at-2.54.58-AM-2.jpeg?resize=300%2C217 300w, https:\/\/i0.wp.com\/elterritorialweb.com.ar\/web\/wp-content\/uploads\/2022\/07\/WhatsApp-Image-2022-07-15-at-2.54.58-AM-2.jpeg?resize=768%2C556 768w, https:\/\/i0.wp.com\/elterritorialweb.com.ar\/web\/wp-content\/uploads\/2022\/07\/WhatsApp-Image-2022-07-15-at-2.54.58-AM-2.jpeg?w=1280 1280w\" data-sizes=\"(max-width: 640px) 100vw, 640px\" src=\"data:image\/svg+xml;base64,PHN2ZyB3aWR0aD0iMSIgaGVpZ2h0PSIxIiB4bWxucz0iaHR0cDovL3d3dy53My5vcmcvMjAwMC9zdmciPjwvc3ZnPg==\" style=\"--smush-placeholder-width: 640px; --smush-placeholder-aspect-ratio: 640\/463;\" \/><\/a><\/figure>\n\n\n\n<p><strong>Central C\u00f3rdoba<\/strong>&nbsp;fue un equipo largo, inconexo, que le cost\u00f3 asumir el protagonismo del juego ante su gente contra un rival que llev\u00f3 adelante su libreto a la perfecci\u00f3n.<\/p>\n\n\n\n<figure class=\"wp-block-image size-large\"><a href=\"https:\/\/i0.wp.com\/elterritorialweb.com.ar\/web\/wp-content\/uploads\/2022\/07\/WhatsApp-Image-2022-07-15-at-2.54.59-AM.jpeg\"><img data-recalc-dims=\"1\" decoding=\"async\" width=\"640\" height=\"416\" data-src=\"https:\/\/i0.wp.com\/elterritorialweb.com.ar\/web\/wp-content\/uploads\/2022\/07\/WhatsApp-Image-2022-07-15-at-2.54.59-AM.jpeg?resize=640%2C416\" alt=\"\" class=\"wp-image-42342 lazyload\" data-srcset=\"https:\/\/i0.wp.com\/elterritorialweb.com.ar\/web\/wp-content\/uploads\/2022\/07\/WhatsApp-Image-2022-07-15-at-2.54.59-AM.jpeg?resize=1024%2C666 1024w, https:\/\/i0.wp.com\/elterritorialweb.com.ar\/web\/wp-content\/uploads\/2022\/07\/WhatsApp-Image-2022-07-15-at-2.54.59-AM.jpeg?resize=300%2C195 300w, https:\/\/i0.wp.com\/elterritorialweb.com.ar\/web\/wp-content\/uploads\/2022\/07\/WhatsApp-Image-2022-07-15-at-2.54.59-AM.jpeg?resize=768%2C499 768w, https:\/\/i0.wp.com\/elterritorialweb.com.ar\/web\/wp-content\/uploads\/2022\/07\/WhatsApp-Image-2022-07-15-at-2.54.59-AM.jpeg?w=1280 1280w\" data-sizes=\"(max-width: 640px) 100vw, 640px\" src=\"data:image\/svg+xml;base64,PHN2ZyB3aWR0aD0iMSIgaGVpZ2h0PSIxIiB4bWxucz0iaHR0cDovL3d3dy53My5vcmcvMjAwMC9zdmciPjwvc3ZnPg==\" style=\"--smush-placeholder-width: 640px; --smush-placeholder-aspect-ratio: 640\/416;\" \/><\/a><\/figure>\n\n\n\n<p>Ya en el complemento, el\u00a0<strong>Ferro\u00a0<\/strong>sigui\u00f3 sin encontrar los caminos y\u00a0<strong>Patronato\u00a0<\/strong>aprovech\u00f3.\u00a0<strong>Jonathan Herrera<\/strong>\u00a0cumpli\u00f3 con la ley del ex y con un doblete a los 6 y 13 minutos sentenci\u00f3 la historia en el<strong>\u00a0Alfredo Terrera.<\/strong><\/p>\n\n\n\n<figure class=\"wp-block-image size-large\"><a href=\"https:\/\/i0.wp.com\/elterritorialweb.com.ar\/web\/wp-content\/uploads\/2022\/07\/WhatsApp-Image-2022-07-15-at-2.55.00-AM.jpeg\"><img data-recalc-dims=\"1\" decoding=\"async\" width=\"640\" height=\"432\" data-src=\"https:\/\/i0.wp.com\/elterritorialweb.com.ar\/web\/wp-content\/uploads\/2022\/07\/WhatsApp-Image-2022-07-15-at-2.55.00-AM.jpeg?resize=640%2C432\" alt=\"\" class=\"wp-image-42341 lazyload\" data-srcset=\"https:\/\/i0.wp.com\/elterritorialweb.com.ar\/web\/wp-content\/uploads\/2022\/07\/WhatsApp-Image-2022-07-15-at-2.55.00-AM.jpeg?resize=1024%2C691 1024w, https:\/\/i0.wp.com\/elterritorialweb.com.ar\/web\/wp-content\/uploads\/2022\/07\/WhatsApp-Image-2022-07-15-at-2.55.00-AM.jpeg?resize=300%2C203 300w, https:\/\/i0.wp.com\/elterritorialweb.com.ar\/web\/wp-content\/uploads\/2022\/07\/WhatsApp-Image-2022-07-15-at-2.55.00-AM.jpeg?resize=768%2C518 768w, https:\/\/i0.wp.com\/elterritorialweb.com.ar\/web\/wp-content\/uploads\/2022\/07\/WhatsApp-Image-2022-07-15-at-2.55.00-AM.jpeg?w=1280 1280w\" data-sizes=\"(max-width: 640px) 100vw, 640px\" src=\"data:image\/svg+xml;base64,PHN2ZyB3aWR0aD0iMSIgaGVpZ2h0PSIxIiB4bWxucz0iaHR0cDovL3d3dy53My5vcmcvMjAwMC9zdmciPjwvc3ZnPg==\" style=\"--smush-placeholder-width: 640px; --smush-placeholder-aspect-ratio: 640\/432;\" \/><\/a><\/figure>\n\n\n\n<p>Esto gener\u00f3 la reacci\u00f3n del p\u00fablico local, que comenz\u00f3 a reclamarle m\u00e1s actitud al equipo y hasta cayeron algunos proyectiles al campo de juego, obligando al \u00e1rbitro\u00a0<strong>Pablo Echavarr\u00eda<\/strong>\u00a0a detener el juego por algunos minutos.<\/p>\n\n\n\n<p>El clima caliente se hac\u00eda sentir en el barrio Oeste en contra de un equipo que no ofrec\u00eda respuestas en el campo de juego. Hasta que\u00a0<strong>Deian Ver\u00f3n, hijo de la Brujita<\/strong>, sac\u00f3 un derechazo sobre los 37 minutos para vencer a\u00a0<strong>Altamirano<\/strong>, pero que solo sirvi\u00f3 para decorar el resultado.<\/p>\n\n\n\n<figure class=\"wp-block-image size-large is-resized\"><a href=\"https:\/\/i0.wp.com\/elterritorialweb.com.ar\/web\/wp-content\/uploads\/2022\/07\/WhatsApp-Image-2022-07-15-at-2.55.00-AM-1.jpeg\"><img data-recalc-dims=\"1\" decoding=\"async\" data-src=\"https:\/\/i0.wp.com\/elterritorialweb.com.ar\/web\/wp-content\/uploads\/2022\/07\/WhatsApp-Image-2022-07-15-at-2.55.00-AM-1.jpeg?resize=640%2C462\" alt=\"\" class=\"wp-image-42340 lazyload\" width=\"640\" height=\"462\" data-srcset=\"https:\/\/i0.wp.com\/elterritorialweb.com.ar\/web\/wp-content\/uploads\/2022\/07\/WhatsApp-Image-2022-07-15-at-2.55.00-AM-1.jpeg?resize=1024%2C739 1024w, https:\/\/i0.wp.com\/elterritorialweb.com.ar\/web\/wp-content\/uploads\/2022\/07\/WhatsApp-Image-2022-07-15-at-2.55.00-AM-1.jpeg?resize=300%2C217 300w, https:\/\/i0.wp.com\/elterritorialweb.com.ar\/web\/wp-content\/uploads\/2022\/07\/WhatsApp-Image-2022-07-15-at-2.55.00-AM-1.jpeg?resize=768%2C554 768w, https:\/\/i0.wp.com\/elterritorialweb.com.ar\/web\/wp-content\/uploads\/2022\/07\/WhatsApp-Image-2022-07-15-at-2.55.00-AM-1.jpeg?w=1280 1280w\" data-sizes=\"(max-width: 640px) 100vw, 640px\" src=\"data:image\/svg+xml;base64,PHN2ZyB3aWR0aD0iMSIgaGVpZ2h0PSIxIiB4bWxucz0iaHR0cDovL3d3dy53My5vcmcvMjAwMC9zdmciPjwvc3ZnPg==\" style=\"--smush-placeholder-width: 640px; --smush-placeholder-aspect-ratio: 640\/462;\" \/><\/a><\/figure>\n\n\n\n<p>El pitazo final marc\u00f3 una decepcionante derrota del&nbsp;<strong>Ferro&nbsp;<\/strong>en casa y que suma preocupaci\u00f3n de cara a lo que se viene.<\/p>\n\n\n\n<p><strong>Central C\u00f3rdoba\u00a0<\/strong>visitar\u00e1 el pr\u00f3ximo martes desde las 16.30 a\u00a0<strong>Platense en Vicente L\u00f3pez<\/strong>\u00a0en el marco de la novena fecha.<\/p>\n\n\n\n<iframe width=\"1010\" height=\"415\" data-src=\"https:\/\/www.youtube.com\/embed\/RGGDiGG-mdI\" title=\"EL PATR\u00d3N venci\u00f3 al FERROVIARIO y SUE\u00d1A con la PERMANENCIA | Central C\u00f3rdoba 1-3 Patronato | Resumen\" frameborder=\"0\" allow=\"accelerometer; autoplay; clipboard-write; encrypted-media; gyroscope; picture-in-picture\" allowfullscreen src=\"data:image\/svg+xml;base64,PHN2ZyB3aWR0aD0iMSIgaGVpZ2h0PSIxIiB4bWxucz0iaHR0cDovL3d3dy53My5vcmcvMjAwMC9zdmciPjwvc3ZnPg==\" class=\"lazyload\" data-load-mode=\"1\"><\/iframe>\n\n","protected":false},"excerpt":{"rendered":"<p>El Ferro cay\u00f3 por 3-1 ante el Patr\u00f3n, rival directo en la lucha por la permanencia. <\/p>\n","protected":false},"author":2,"featured_media":42346,"comment_status":"open","ping_status":"open","sticky":false,"template":"","format":"standard","meta":{"om_disable_all_campaigns":false,"_monsterinsights_skip_tracking":false,"_monsterinsights_sitenote_active":false,"_monsterinsights_sitenote_note":"","_monsterinsights_sitenote_category":0,"_uf_show_specific_survey":0,"_uf_disable_surveys":false,"jetpack_post_was_ever_published":false,"_jetpack_newsletter_access":"","_jetpack_dont_email_post_to_subs":false,"_jetpack_newsletter_tier_id":0,"_jetpack_memberships_contains_paywalled_content":false,"_jetpack_memberships_contains_paid_content":false,"footnotes":"","jetpack_publicize_message":"","jetpack_publicize_feature_enabled":true,"jetpack_social_post_already_shared":false,"jetpack_social_options":{"image_generator_settings":{"template":"highway","default_image_id":0,"font":"","enabled":false},"version":2}},"categories":[6],"tags":[],"class_list":["post-42339","post","type-post","status-publish","format-standard","has-post-thumbnail","hentry","category-deportes"],"aioseo_notices":[],"views":7,"jetpack_publicize_connections":[],"jetpack_featured_media_url":"https:\/\/i0.wp.com\/elterritorialweb.com.ar\/web\/wp-content\/uploads\/2022\/07\/WhatsApp-Image-2022-07-15-at-2.54.57-AM.jpeg?fit=1080%2C785","jetpack_sharing_enabled":true,"_links":{"self":[{"href":"http:\/\/elterritorialweb.com.ar\/web\/wp-json\/wp\/v2\/posts\/42339","targetHints":{"allow":["GET"]}}],"collection":[{"href":"http:\/\/elterritorialweb.com.ar\/web\/wp-json\/wp\/v2\/posts"}],"about":[{"href":"http:\/\/elterritorialweb.com.ar\/web\/wp-json\/wp\/v2\/types\/post"}],"author":[{"embeddable":true,"href":"http:\/\/elterritorialweb.com.ar\/web\/wp-json\/wp\/v2\/users\/2"}],"replies":[{"embeddable":true,"href":"http:\/\/elterritorialweb.com.ar\/web\/wp-json\/wp\/v2\/comments?post=42339"}],"version-history":[{"count":1,"href":"http:\/\/elterritorialweb.com.ar\/web\/wp-json\/wp\/v2\/posts\/42339\/revisions"}],"predecessor-version":[{"id":42347,"href":"http:\/\/elterritorialweb.com.ar\/web\/wp-json\/wp\/v2\/posts\/42339\/revisions\/42347"}],"wp:featuredmedia":[{"embeddable":true,"href":"http:\/\/elterritorialweb.com.ar\/web\/wp-json\/wp\/v2\/media\/42346"}],"wp:attachment":[{"href":"http:\/\/elterritorialweb.com.ar\/web\/wp-json\/wp\/v2\/media?parent=42339"}],"wp:term":[{"taxonomy":"category","embeddable":true,"href":"http:\/\/elterritorialweb.com.ar\/web\/wp-json\/wp\/v2\/categories?post=42339"},{"taxonomy":"post_tag","embeddable":true,"href":"http:\/\/elterritorialweb.com.ar\/web\/wp-json\/wp\/v2\/tags?post=42339"}],"curies":[{"name":"wp","href":"https:\/\/api.w.org\/{rel}","templated":true}]}}