{"id":42357,"date":"2022-07-16T02:37:25","date_gmt":"2022-07-16T02:37:25","guid":{"rendered":"http:\/\/elterritorialweb.com.ar\/web\/?p=42357"},"modified":"2022-07-16T02:37:26","modified_gmt":"2022-07-16T02:37:26","slug":"zamora-firmo-un-convenio-con-orsna-para-ampliar-y-remodelar-el-aeropuerto-de-las-termas","status":"publish","type":"post","link":"http:\/\/elterritorialweb.com.ar\/web\/zamora-firmo-un-convenio-con-orsna-para-ampliar-y-remodelar-el-aeropuerto-de-las-termas\/","title":{"rendered":"ZAMORA FIRM\u00d3 UN CONVENIO CON ORSNA PARA AMPLIAR Y REMODELAR EL AEROPUERTO DE LAS TERMAS"},"content":{"rendered":"\n<p>En representaci\u00f3n del organismo aeroportuario estuvo su presidente, Carlos Lugones Aignasse, y el vicepresidente, Fernando Muriel, quienes expusieron los planos con detalles de las obras previstas para la terminal de pasajeros, que incluyen la rehabilitaci\u00f3n de la pista; rodaje y plataforma; un nuevo sistema de balizamiento; \u00e1rea de mantenimiento y servicios de apoyo.<\/p>\n\n\n\n<p>En total, se invertir\u00e1n m\u00e1s de $ 4 mil millones para dotar al aeropuerto del principal centro tur\u00edstico de Santiago del Estero de la infraestructura necesaria para que la actividad aerocomercial se desarrolle en su plenitud, seg\u00fan destac\u00f3 el titular del Orsna.<\/p>\n\n\n\n<p>Los trabajos ofrecer\u00e1n mayor seguridad operativa y capacidad operacional, acorde a la creciente demanda de servicios que registra la ciudad por el flujo constante de turistas durante todo el a\u00f1o y para eventos puntuales.<\/p>\n\n\n\n<figure class=\"wp-block-image size-full\"><a href=\"https:\/\/i0.wp.com\/elterritorialweb.com.ar\/web\/wp-content\/uploads\/2022\/07\/aeropu.jpeg\"><img data-recalc-dims=\"1\" decoding=\"async\" width=\"640\" height=\"516\" data-src=\"https:\/\/i0.wp.com\/elterritorialweb.com.ar\/web\/wp-content\/uploads\/2022\/07\/aeropu.jpeg?resize=640%2C516\" alt=\"\" class=\"wp-image-42360 lazyload\" data-srcset=\"https:\/\/i0.wp.com\/elterritorialweb.com.ar\/web\/wp-content\/uploads\/2022\/07\/aeropu.jpeg?w=720 720w, https:\/\/i0.wp.com\/elterritorialweb.com.ar\/web\/wp-content\/uploads\/2022\/07\/aeropu.jpeg?resize=300%2C242 300w\" data-sizes=\"(max-width: 640px) 100vw, 640px\" src=\"data:image\/svg+xml;base64,PHN2ZyB3aWR0aD0iMSIgaGVpZ2h0PSIxIiB4bWxucz0iaHR0cDovL3d3dy53My5vcmcvMjAwMC9zdmciPjwvc3ZnPg==\" style=\"--smush-placeholder-width: 640px; --smush-placeholder-aspect-ratio: 640\/516;\" \/><\/a><\/figure>\n\n\n\n<p>Lugones Aignasse dijo que los trabajos comenzar\u00edan entre diciembre y enero pr\u00f3ximo, lo que significar\u00e1 una importante fuente de trabajo con al menos 1.580 puestos de empleo de forma directa y otros 4.000 de manera indirecta.<\/p>\n\n\n\n<p>Por otra parte, el director de Aviaci\u00f3n Civil, Jorge Azar, inform\u00f3 que en los pr\u00f3ximos meses comenzar\u00e1n los trabajos para la construcci\u00f3n de un hangar y dependencias anexas para la operaci\u00f3n del avi\u00f3n hidrante que incorporar\u00e1 la provincia, destinado a la lucha contra incendios.<\/p>\n\n\n\n<p><\/p>\n","protected":false},"excerpt":{"rendered":"<p>El gobernador Gerardo Zamora firm\u00f3 este viernes un convenio marco con directivos del Organismo Regulador del Sistema Nacional de Aeropuertos (Orsna) para la ejecuci\u00f3n de obras de ampliaci\u00f3n y remodelaci\u00f3n en el Aeropuerto de Las Termas de R\u00edo Hondo, que permitir\u00e1n mejorar notablemente su capacidad operativa y elevar el servicio para los pasajeros con la posibilidad de contar tambi\u00e9n con vuelos internacionales.<\/p>\n","protected":false},"author":2,"featured_media":42359,"comment_status":"open","ping_status":"open","sticky":false,"template":"","format":"standard","meta":{"om_disable_all_campaigns":false,"_monsterinsights_skip_tracking":false,"_monsterinsights_sitenote_active":false,"_monsterinsights_sitenote_note":"","_monsterinsights_sitenote_category":0,"_uf_show_specific_survey":0,"_uf_disable_surveys":false,"jetpack_post_was_ever_published":false,"_jetpack_newsletter_access":"","_jetpack_dont_email_post_to_subs":false,"_jetpack_newsletter_tier_id":0,"_jetpack_memberships_contains_paywalled_content":false,"_jetpack_memberships_contains_paid_content":false,"footnotes":"","jetpack_publicize_message":"","jetpack_publicize_feature_enabled":true,"jetpack_social_post_already_shared":false,"jetpack_social_options":{"image_generator_settings":{"template":"highway","default_image_id":0,"font":"","enabled":false},"version":2}},"categories":[21],"tags":[],"class_list":["post-42357","post","type-post","status-publish","format-standard","has-post-thumbnail","hentry","category-locales"],"aioseo_notices":[],"views":6,"jetpack_publicize_connections":[],"jetpack_featured_media_url":"https:\/\/i0.wp.com\/elterritorialweb.com.ar\/web\/wp-content\/uploads\/2022\/07\/aero.jpeg?fit=720%2C980","jetpack_sharing_enabled":true,"_links":{"self":[{"href":"http:\/\/elterritorialweb.com.ar\/web\/wp-json\/wp\/v2\/posts\/42357","targetHints":{"allow":["GET"]}}],"collection":[{"href":"http:\/\/elterritorialweb.com.ar\/web\/wp-json\/wp\/v2\/posts"}],"about":[{"href":"http:\/\/elterritorialweb.com.ar\/web\/wp-json\/wp\/v2\/types\/post"}],"author":[{"embeddable":true,"href":"http:\/\/elterritorialweb.com.ar\/web\/wp-json\/wp\/v2\/users\/2"}],"replies":[{"embeddable":true,"href":"http:\/\/elterritorialweb.com.ar\/web\/wp-json\/wp\/v2\/comments?post=42357"}],"version-history":[{"count":1,"href":"http:\/\/elterritorialweb.com.ar\/web\/wp-json\/wp\/v2\/posts\/42357\/revisions"}],"predecessor-version":[{"id":42361,"href":"http:\/\/elterritorialweb.com.ar\/web\/wp-json\/wp\/v2\/posts\/42357\/revisions\/42361"}],"wp:featuredmedia":[{"embeddable":true,"href":"http:\/\/elterritorialweb.com.ar\/web\/wp-json\/wp\/v2\/media\/42359"}],"wp:attachment":[{"href":"http:\/\/elterritorialweb.com.ar\/web\/wp-json\/wp\/v2\/media?parent=42357"}],"wp:term":[{"taxonomy":"category","embeddable":true,"href":"http:\/\/elterritorialweb.com.ar\/web\/wp-json\/wp\/v2\/categories?post=42357"},{"taxonomy":"post_tag","embeddable":true,"href":"http:\/\/elterritorialweb.com.ar\/web\/wp-json\/wp\/v2\/tags?post=42357"}],"curies":[{"name":"wp","href":"https:\/\/api.w.org\/{rel}","templated":true}]}}