{"id":42362,"date":"2022-07-16T22:11:30","date_gmt":"2022-07-16T22:11:30","guid":{"rendered":"http:\/\/elterritorialweb.com.ar\/web\/?p=42362"},"modified":"2022-07-16T22:11:31","modified_gmt":"2022-07-16T22:11:31","slug":"fuentes-el-programa-de-reconversion-luminica-lo-venimos-aplicando-desde-hace-cuatro-anos","status":"publish","type":"post","link":"http:\/\/elterritorialweb.com.ar\/web\/fuentes-el-programa-de-reconversion-luminica-lo-venimos-aplicando-desde-hace-cuatro-anos\/","title":{"rendered":"FUENTES: \u00abEL PROGRAMA DE RECONVERSI\u00d3N LUM\u00cdNICA LO VENIMOS APLICANDO DESDE HACE CUATRO A\u00d1OS\u00bb"},"content":{"rendered":"\n<p>\u201cEs la continuidad de un programa de reconversi\u00f3n lum\u00ednica que venimos haciendo en la ciudad desde hace 4 a\u00f1os\u201d, expres\u00f3 la Intendente Ing. Norma Fuentes al dejar formalmente habilitada la obra de refuncionalizaci\u00f3n del sistema de iluminaci\u00f3n de calle Viamonte, en el tramo comprendido entre Avenida Belgrano y Col\u00f3n, en el barrio Sarmiento, acompa\u00f1ada por vecinos.<\/p>\n\n\n\n<p>Asimismo pidi\u00f3 a los vecinos que cuiden la obra, que la disfruten y confirm\u00f3 que el objetivo del Municipio es siempre continuar trabajando en ese sentido para brindarles los servicios a los vecinos.<\/p>\n\n\n\n<p>La jefa comunal realiz\u00f3 el tradicional encendido junto al Presidente del Concejo Deliberante, Humberto Santill\u00e1n, funcionarios del gabinete municipal, legisladores provinciales, concejales, representantes de entidades intermedias y vecinos del barrio Sarmiento.<\/p>\n\n\n\n<p>En nombre de los vecinos, Adriana Salcedo, agradeci\u00f3 a la Intendente por la obra de iluminaci\u00f3n y resalt\u00f3 su esp\u00edritu de trabajo, que se ve reflejado en todo el crecimiento de la ciudad.<\/p>\n\n\n\n<p>La obra tiene una longitud 920 metros, y cuenta con columnas de 8 metros lineales con pescantes de 1,2metros similares al sistema de barrio Centro, adem\u00e1s de artefactos Leds de \u00faltima generaci\u00f3n de 150 Watts, con cableado a\u00e9reo con preensamblado. En el lugar, se colocaron 51 columnas y 51 artefactos Leds de 150 watts.<\/p>\n\n\n\n<p>La reconversi\u00f3n de calle Viamonte se suma&nbsp; a las obras ya inauguradas en el Barrio Cabildo, en calle Castiglione, Solana de Paz y Juncal.<\/p>\n\n\n\n<p>Mientras que se encuentran pr\u00f3ximas a habilitar, el Corredor Tres de Febrero entre Olaechea y Belgrano, Lavalle de Av. Aguirre a Lugones, Su\u00e1rez entre Belgrano y Col\u00f3n, Reconversi\u00f3n de Paseo 25 de Mayo y Posadas de Av. Belgrano a Av. Col\u00f3n.<\/p>\n","protected":false},"excerpt":{"rendered":"<p>Dijo tambi\u00e9n que se trata de una primera etapa de la obra y que la siguiente se extender\u00e1 hasta Avenida Lugones \u201cpara convertir a esta arteria de vinculaci\u00f3n fundamental entre el este y el oeste de la ciudad\u201d.<\/p>\n","protected":false},"author":2,"featured_media":42363,"comment_status":"open","ping_status":"open","sticky":false,"template":"","format":"standard","meta":{"om_disable_all_campaigns":false,"_monsterinsights_skip_tracking":false,"_monsterinsights_sitenote_active":false,"_monsterinsights_sitenote_note":"","_monsterinsights_sitenote_category":0,"_uf_show_specific_survey":0,"_uf_disable_surveys":false,"jetpack_post_was_ever_published":false,"_jetpack_newsletter_access":"","_jetpack_dont_email_post_to_subs":false,"_jetpack_newsletter_tier_id":0,"_jetpack_memberships_contains_paywalled_content":false,"_jetpack_memberships_contains_paid_content":false,"footnotes":"","jetpack_publicize_message":"","jetpack_publicize_feature_enabled":true,"jetpack_social_post_already_shared":false,"jetpack_social_options":{"image_generator_settings":{"template":"highway","default_image_id":0,"font":"","enabled":false},"version":2}},"categories":[21],"tags":[],"class_list":["post-42362","post","type-post","status-publish","format-standard","has-post-thumbnail","hentry","category-locales"],"aioseo_notices":[],"views":5,"jetpack_publicize_connections":[],"jetpack_featured_media_url":"https:\/\/i0.wp.com\/elterritorialweb.com.ar\/web\/wp-content\/uploads\/2022\/07\/fuentes-led-barrio-sarmiento.jpeg?fit=1280%2C801","jetpack_sharing_enabled":true,"_links":{"self":[{"href":"http:\/\/elterritorialweb.com.ar\/web\/wp-json\/wp\/v2\/posts\/42362","targetHints":{"allow":["GET"]}}],"collection":[{"href":"http:\/\/elterritorialweb.com.ar\/web\/wp-json\/wp\/v2\/posts"}],"about":[{"href":"http:\/\/elterritorialweb.com.ar\/web\/wp-json\/wp\/v2\/types\/post"}],"author":[{"embeddable":true,"href":"http:\/\/elterritorialweb.com.ar\/web\/wp-json\/wp\/v2\/users\/2"}],"replies":[{"embeddable":true,"href":"http:\/\/elterritorialweb.com.ar\/web\/wp-json\/wp\/v2\/comments?post=42362"}],"version-history":[{"count":1,"href":"http:\/\/elterritorialweb.com.ar\/web\/wp-json\/wp\/v2\/posts\/42362\/revisions"}],"predecessor-version":[{"id":42364,"href":"http:\/\/elterritorialweb.com.ar\/web\/wp-json\/wp\/v2\/posts\/42362\/revisions\/42364"}],"wp:featuredmedia":[{"embeddable":true,"href":"http:\/\/elterritorialweb.com.ar\/web\/wp-json\/wp\/v2\/media\/42363"}],"wp:attachment":[{"href":"http:\/\/elterritorialweb.com.ar\/web\/wp-json\/wp\/v2\/media?parent=42362"}],"wp:term":[{"taxonomy":"category","embeddable":true,"href":"http:\/\/elterritorialweb.com.ar\/web\/wp-json\/wp\/v2\/categories?post=42362"},{"taxonomy":"post_tag","embeddable":true,"href":"http:\/\/elterritorialweb.com.ar\/web\/wp-json\/wp\/v2\/tags?post=42362"}],"curies":[{"name":"wp","href":"https:\/\/api.w.org\/{rel}","templated":true}]}}