{"id":42382,"date":"2022-07-16T23:24:02","date_gmt":"2022-07-16T23:24:02","guid":{"rendered":"http:\/\/elterritorialweb.com.ar\/web\/?p=42382"},"modified":"2022-07-16T23:24:03","modified_gmt":"2022-07-16T23:24:03","slug":"zamora-recibio-a-la-embajadora-de-reino-unido","status":"publish","type":"post","link":"http:\/\/elterritorialweb.com.ar\/web\/zamora-recibio-a-la-embajadora-de-reino-unido\/","title":{"rendered":"ZAMORA RECIBI\u00d3 A LA EMBAJADORA DE REINO UNIDO"},"content":{"rendered":"\n<p>El gobernador Gerardo Zamora recibi\u00f3 en Casa de Gobierno la visita de la embajadora de Reino Unido de Gran Breta\u00f1a e Irlanda del Norte en Argentina, Kirsty Hayes, quien lleg\u00f3 acompa\u00f1ada por el titular de la Casa de Santiago en Buenos Aires, Bernardo Abruzzese.<\/p>\n\n\n\n<p>El encuentro se llev\u00f3 a cabo este \u00a0s\u00e1bado en el Sal\u00f3n de Acuerdos, donde tambi\u00e9n estuvieron el vicegobernador Carlos Silva Neder; el jefe de Gabinete, El\u00edas Su\u00e1rez, y miembros del Ejecutivo provincial.<\/p>\n","protected":false},"excerpt":{"rendered":"<p>Kirsty Hayes lleg\u00f3 acompa\u00f1ada por el titular de la Casa de Santiago en Buenos Aires, Bernardo Abruzzese.<\/p>\n","protected":false},"author":2,"featured_media":42383,"comment_status":"open","ping_status":"open","sticky":false,"template":"","format":"standard","meta":{"om_disable_all_campaigns":false,"_monsterinsights_skip_tracking":false,"_monsterinsights_sitenote_active":false,"_monsterinsights_sitenote_note":"","_monsterinsights_sitenote_category":0,"_uf_show_specific_survey":0,"_uf_disable_surveys":false,"jetpack_post_was_ever_published":false,"_jetpack_newsletter_access":"","_jetpack_dont_email_post_to_subs":false,"_jetpack_newsletter_tier_id":0,"_jetpack_memberships_contains_paywalled_content":false,"_jetpack_memberships_contains_paid_content":false,"footnotes":"","jetpack_publicize_message":"","jetpack_publicize_feature_enabled":true,"jetpack_social_post_already_shared":false,"jetpack_social_options":{"image_generator_settings":{"template":"highway","default_image_id":0,"font":"","enabled":false},"version":2}},"categories":[21],"tags":[],"class_list":["post-42382","post","type-post","status-publish","format-standard","has-post-thumbnail","hentry","category-locales"],"aioseo_notices":[],"views":6,"jetpack_publicize_connections":[],"jetpack_featured_media_url":"https:\/\/i0.wp.com\/elterritorialweb.com.ar\/web\/wp-content\/uploads\/2022\/07\/ZAMORA-EMBAJADORA-REINO-UNIDO.jpg?fit=1010%2C567","jetpack_sharing_enabled":true,"_links":{"self":[{"href":"http:\/\/elterritorialweb.com.ar\/web\/wp-json\/wp\/v2\/posts\/42382","targetHints":{"allow":["GET"]}}],"collection":[{"href":"http:\/\/elterritorialweb.com.ar\/web\/wp-json\/wp\/v2\/posts"}],"about":[{"href":"http:\/\/elterritorialweb.com.ar\/web\/wp-json\/wp\/v2\/types\/post"}],"author":[{"embeddable":true,"href":"http:\/\/elterritorialweb.com.ar\/web\/wp-json\/wp\/v2\/users\/2"}],"replies":[{"embeddable":true,"href":"http:\/\/elterritorialweb.com.ar\/web\/wp-json\/wp\/v2\/comments?post=42382"}],"version-history":[{"count":1,"href":"http:\/\/elterritorialweb.com.ar\/web\/wp-json\/wp\/v2\/posts\/42382\/revisions"}],"predecessor-version":[{"id":42384,"href":"http:\/\/elterritorialweb.com.ar\/web\/wp-json\/wp\/v2\/posts\/42382\/revisions\/42384"}],"wp:featuredmedia":[{"embeddable":true,"href":"http:\/\/elterritorialweb.com.ar\/web\/wp-json\/wp\/v2\/media\/42383"}],"wp:attachment":[{"href":"http:\/\/elterritorialweb.com.ar\/web\/wp-json\/wp\/v2\/media?parent=42382"}],"wp:term":[{"taxonomy":"category","embeddable":true,"href":"http:\/\/elterritorialweb.com.ar\/web\/wp-json\/wp\/v2\/categories?post=42382"},{"taxonomy":"post_tag","embeddable":true,"href":"http:\/\/elterritorialweb.com.ar\/web\/wp-json\/wp\/v2\/tags?post=42382"}],"curies":[{"name":"wp","href":"https:\/\/api.w.org\/{rel}","templated":true}]}}