{"id":42385,"date":"2022-07-16T23:32:05","date_gmt":"2022-07-16T23:32:05","guid":{"rendered":"http:\/\/elterritorialweb.com.ar\/web\/?p=42385"},"modified":"2022-07-16T23:32:05","modified_gmt":"2022-07-16T23:32:05","slug":"nediani-habilito-y-recorrio-obras-de-pavimento-en-los-barrios-dorrego-y-jerarquizado-municipal","status":"publish","type":"post","link":"http:\/\/elterritorialweb.com.ar\/web\/nediani-habilito-y-recorrio-obras-de-pavimento-en-los-barrios-dorrego-y-jerarquizado-municipal\/","title":{"rendered":"NEDIANI HABILIT\u00d3 Y RECORRIO OBRAS DE PAVIMENTO EN LOS BARRIOS DORREGO Y JERARQUIZADO MUNICIPAL"},"content":{"rendered":"\n<p>En la ocasi\u00f3n, el jefe comunal estuvo acompa\u00f1ado por autoridades del Ejecutivo Municipal, concejales, integrantes de la Agrupaci\u00f3n Acci\u00f3n Renovadora y vecinos de los barrios mencionados.<br>Seguidamente se traslad\u00f3 hasta la calle Santa Cruz entre Arist\u00f3bulo del Valle y Pellegrini en el barrio Jerarquizado Municipal donde fue recibido por otro grupo de vecinos que le agradecieron el trabajo realizado.<br>Nediani declar\u00f3 lo siguiente sobre estas obras: \u00abEn primer lugar quiero agradecer a los vecinos por el c\u00e1lido recibimiento. Siempre digo que las obras se logran con el esfuerzo del municipio y de los vecinos, por eso est\u00e1 bueno que el vecino nos acompa\u00f1e en momentos como este que forma parte de un gran esfuerzo del municipio.<br>Hoy estamos habilitando est\u00e1s obras con mucha alegr\u00eda y recorriendo las mismas junto a los vecinos de los barrios Dorrego y Jerarquizado Municipal, que ahora quieren ir por m\u00e1s y est\u00e1 bien que as\u00ed sea porque es la mejor forma de crecer\u00bb.<\/p>\n\n\n\n<figure class=\"wp-block-image size-large\"><a href=\"https:\/\/i0.wp.com\/elterritorialweb.com.ar\/web\/wp-content\/uploads\/2022\/07\/WhatsApp-Image-2022-07-16-at-6.39.31-PM.jpeg\"><img data-recalc-dims=\"1\" decoding=\"async\" width=\"640\" height=\"386\" data-src=\"https:\/\/i0.wp.com\/elterritorialweb.com.ar\/web\/wp-content\/uploads\/2022\/07\/WhatsApp-Image-2022-07-16-at-6.39.31-PM.jpeg?resize=640%2C386\" alt=\"\" class=\"wp-image-42386 lazyload\" data-srcset=\"https:\/\/i0.wp.com\/elterritorialweb.com.ar\/web\/wp-content\/uploads\/2022\/07\/WhatsApp-Image-2022-07-16-at-6.39.31-PM.jpeg?resize=1024%2C617 1024w, https:\/\/i0.wp.com\/elterritorialweb.com.ar\/web\/wp-content\/uploads\/2022\/07\/WhatsApp-Image-2022-07-16-at-6.39.31-PM.jpeg?resize=300%2C181 300w, https:\/\/i0.wp.com\/elterritorialweb.com.ar\/web\/wp-content\/uploads\/2022\/07\/WhatsApp-Image-2022-07-16-at-6.39.31-PM.jpeg?resize=768%2C463 768w, https:\/\/i0.wp.com\/elterritorialweb.com.ar\/web\/wp-content\/uploads\/2022\/07\/WhatsApp-Image-2022-07-16-at-6.39.31-PM.jpeg?resize=1536%2C926 1536w, https:\/\/i0.wp.com\/elterritorialweb.com.ar\/web\/wp-content\/uploads\/2022\/07\/WhatsApp-Image-2022-07-16-at-6.39.31-PM.jpeg?w=1574 1574w, https:\/\/i0.wp.com\/elterritorialweb.com.ar\/web\/wp-content\/uploads\/2022\/07\/WhatsApp-Image-2022-07-16-at-6.39.31-PM.jpeg?w=1280 1280w\" data-sizes=\"(max-width: 640px) 100vw, 640px\" src=\"data:image\/svg+xml;base64,PHN2ZyB3aWR0aD0iMSIgaGVpZ2h0PSIxIiB4bWxucz0iaHR0cDovL3d3dy53My5vcmcvMjAwMC9zdmciPjwvc3ZnPg==\" style=\"--smush-placeholder-width: 640px; --smush-placeholder-aspect-ratio: 640\/386;\" \/><\/a><\/figure>\n\n\n\n<p>Agreg\u00f3: \u00abSi continuamos al frente del municipio luego de las elecciones vamos a pavimentar el otro tramo de la calle Neuqu\u00e9n, entre Arist\u00f3bulo del Valle y Pellegrini, para unir definitivamente los barrios Dorrego y Jerarquizado Municipal, y a trav\u00e9s de la H\u00e9ctor Carabajal unir tambi\u00e9n al barrio Villa Suaya. Esta es la idea cuando pensamos generar obras p\u00fablicas para la ciudad, que los barrios de La Banda comiencen a integrarse y ordenarse a trav\u00e9s de este tipo de obras\u00bb.\u00a0<br>Finalmente, jefe comunal se dirigi\u00f3 hasta el barrio Quilmes donde el municipio paviment\u00f3 un tramo de la calle Alem, entre Domingo Ju\u00e1rez y Alfoncina Estorni, obra que en total tendr\u00e1 un alcance de 300 metros una vez finalizada.<\/p>\n","protected":false},"excerpt":{"rendered":"<p>En primer termino, el jefe comunal recorri\u00f3 la obra de pavimento de la calle Neuqu\u00e9n entre Dorrego y Arist\u00f3bulo del Valle en el barrio Dorrego, donde fue recibido con mucho entusiasmo por numerosos vecinos.<\/p>\n","protected":false},"author":2,"featured_media":42387,"comment_status":"open","ping_status":"open","sticky":false,"template":"","format":"standard","meta":{"om_disable_all_campaigns":false,"_monsterinsights_skip_tracking":false,"_monsterinsights_sitenote_active":false,"_monsterinsights_sitenote_note":"","_monsterinsights_sitenote_category":0,"_uf_show_specific_survey":0,"_uf_disable_surveys":false,"jetpack_post_was_ever_published":false,"_jetpack_newsletter_access":"","_jetpack_dont_email_post_to_subs":false,"_jetpack_newsletter_tier_id":0,"_jetpack_memberships_contains_paywalled_content":false,"_jetpack_memberships_contains_paid_content":false,"footnotes":"","jetpack_publicize_message":"","jetpack_publicize_feature_enabled":true,"jetpack_social_post_already_shared":false,"jetpack_social_options":{"image_generator_settings":{"template":"highway","default_image_id":0,"font":"","enabled":false},"version":2}},"categories":[21],"tags":[],"class_list":["post-42385","post","type-post","status-publish","format-standard","has-post-thumbnail","hentry","category-locales"],"aioseo_notices":[],"views":11,"jetpack_publicize_connections":[],"jetpack_featured_media_url":"https:\/\/i0.wp.com\/elterritorialweb.com.ar\/web\/wp-content\/uploads\/2022\/07\/WhatsApp-Image-2022-07-16-at-6.39.29-PM.jpeg?fit=1500%2C918","jetpack_sharing_enabled":true,"_links":{"self":[{"href":"http:\/\/elterritorialweb.com.ar\/web\/wp-json\/wp\/v2\/posts\/42385","targetHints":{"allow":["GET"]}}],"collection":[{"href":"http:\/\/elterritorialweb.com.ar\/web\/wp-json\/wp\/v2\/posts"}],"about":[{"href":"http:\/\/elterritorialweb.com.ar\/web\/wp-json\/wp\/v2\/types\/post"}],"author":[{"embeddable":true,"href":"http:\/\/elterritorialweb.com.ar\/web\/wp-json\/wp\/v2\/users\/2"}],"replies":[{"embeddable":true,"href":"http:\/\/elterritorialweb.com.ar\/web\/wp-json\/wp\/v2\/comments?post=42385"}],"version-history":[{"count":1,"href":"http:\/\/elterritorialweb.com.ar\/web\/wp-json\/wp\/v2\/posts\/42385\/revisions"}],"predecessor-version":[{"id":42388,"href":"http:\/\/elterritorialweb.com.ar\/web\/wp-json\/wp\/v2\/posts\/42385\/revisions\/42388"}],"wp:featuredmedia":[{"embeddable":true,"href":"http:\/\/elterritorialweb.com.ar\/web\/wp-json\/wp\/v2\/media\/42387"}],"wp:attachment":[{"href":"http:\/\/elterritorialweb.com.ar\/web\/wp-json\/wp\/v2\/media?parent=42385"}],"wp:term":[{"taxonomy":"category","embeddable":true,"href":"http:\/\/elterritorialweb.com.ar\/web\/wp-json\/wp\/v2\/categories?post=42385"},{"taxonomy":"post_tag","embeddable":true,"href":"http:\/\/elterritorialweb.com.ar\/web\/wp-json\/wp\/v2\/tags?post=42385"}],"curies":[{"name":"wp","href":"https:\/\/api.w.org\/{rel}","templated":true}]}}