{"id":42394,"date":"2022-07-17T00:00:00","date_gmt":"2022-07-17T00:00:00","guid":{"rendered":"http:\/\/elterritorialweb.com.ar\/web\/?p=42394"},"modified":"2022-07-17T00:00:00","modified_gmt":"2022-07-17T00:00:00","slug":"rescatan-a-un-vecino-de-78-anos-del-derrumbe-de-su-vivienda-en-el-barrio-almirante-brown","status":"publish","type":"post","link":"http:\/\/elterritorialweb.com.ar\/web\/rescatan-a-un-vecino-de-78-anos-del-derrumbe-de-su-vivienda-en-el-barrio-almirante-brown\/","title":{"rendered":"RESCATAN A UN VECINO DE 78 A\u00d1OS DEL DERRUMBE DE SU VIVIENDA EN EL BARRIO ALMIRANTE BROWN"},"content":{"rendered":"\n<p>La constante capacitaci\u00f3n de los hombres y mujeres que integran la Polic\u00eda de Santiago del Estero responde a lineamientos espec\u00edficos del Gobierno de la provincia junto a la Secretaria de Seguridad y la Jefatura de Polic\u00eda, para ofrecer respuestas inmediatas a las necesidades que pudieran presentarse y demanden la presencia de polic\u00edas preparados para actuar en beneficio de la seguridad de la comunidad en todo el territorio santiague\u00f1o.<\/p>\n\n\n\n<figure class=\"wp-block-image size-large\"><a href=\"https:\/\/i0.wp.com\/elterritorialweb.com.ar\/web\/wp-content\/uploads\/2022\/07\/DERRUMBE-3-e1658015861554.jpg\"><img data-recalc-dims=\"1\" decoding=\"async\" width=\"640\" height=\"543\" data-src=\"https:\/\/i0.wp.com\/elterritorialweb.com.ar\/web\/wp-content\/uploads\/2022\/07\/DERRUMBE-3-e1658015861554-1024x868.jpg?resize=640%2C543\" alt=\"\" class=\"wp-image-42397 lazyload\" data-srcset=\"https:\/\/i0.wp.com\/elterritorialweb.com.ar\/web\/wp-content\/uploads\/2022\/07\/DERRUMBE-3-e1658015861554.jpg?resize=1024%2C868 1024w, https:\/\/i0.wp.com\/elterritorialweb.com.ar\/web\/wp-content\/uploads\/2022\/07\/DERRUMBE-3-e1658015861554.jpg?resize=300%2C254 300w, https:\/\/i0.wp.com\/elterritorialweb.com.ar\/web\/wp-content\/uploads\/2022\/07\/DERRUMBE-3-e1658015861554.jpg?resize=768%2C651 768w, https:\/\/i0.wp.com\/elterritorialweb.com.ar\/web\/wp-content\/uploads\/2022\/07\/DERRUMBE-3-e1658015861554.jpg?w=1080 1080w\" data-sizes=\"(max-width: 640px) 100vw, 640px\" src=\"data:image\/svg+xml;base64,PHN2ZyB3aWR0aD0iMSIgaGVpZ2h0PSIxIiB4bWxucz0iaHR0cDovL3d3dy53My5vcmcvMjAwMC9zdmciPjwvc3ZnPg==\" style=\"--smush-placeholder-width: 640px; --smush-placeholder-aspect-ratio: 640\/543;\" \/><\/a><\/figure>\n\n\n\n<p>En este contexto alrededor de las 10.30 de este s\u00e1bado, los uniformados del \u00e1rea del Departamento de Seguridad Ciudadana N\u00ba 16 de los Flores integrada por la Comisaria Comunitaria N\u00ba 54, 7ma. Y Comisaria Comunitaria N\u00ba 16 de la Mujer y La Familia, eran requeridos en una vivienda del barrio Almirante Brown al sur de la capital. El panorama descripto fue de una casa derrumbada con posibles v\u00edctimas.<\/p>\n\n\n\n<figure class=\"wp-block-image size-large\"><a href=\"https:\/\/i0.wp.com\/elterritorialweb.com.ar\/web\/wp-content\/uploads\/2022\/07\/DERRUMBE-4-e1658015846424.jpg\"><img data-recalc-dims=\"1\" decoding=\"async\" width=\"640\" height=\"504\" data-src=\"https:\/\/i0.wp.com\/elterritorialweb.com.ar\/web\/wp-content\/uploads\/2022\/07\/DERRUMBE-4-e1658015846424-1024x806.jpg?resize=640%2C504\" alt=\"\" class=\"wp-image-42398 lazyload\" data-srcset=\"https:\/\/i0.wp.com\/elterritorialweb.com.ar\/web\/wp-content\/uploads\/2022\/07\/DERRUMBE-4-e1658015846424.jpg?resize=1024%2C806 1024w, https:\/\/i0.wp.com\/elterritorialweb.com.ar\/web\/wp-content\/uploads\/2022\/07\/DERRUMBE-4-e1658015846424.jpg?resize=300%2C236 300w, https:\/\/i0.wp.com\/elterritorialweb.com.ar\/web\/wp-content\/uploads\/2022\/07\/DERRUMBE-4-e1658015846424.jpg?resize=768%2C604 768w, https:\/\/i0.wp.com\/elterritorialweb.com.ar\/web\/wp-content\/uploads\/2022\/07\/DERRUMBE-4-e1658015846424.jpg?w=1080 1080w\" data-sizes=\"(max-width: 640px) 100vw, 640px\" src=\"data:image\/svg+xml;base64,PHN2ZyB3aWR0aD0iMSIgaGVpZ2h0PSIxIiB4bWxucz0iaHR0cDovL3d3dy53My5vcmcvMjAwMC9zdmciPjwvc3ZnPg==\" style=\"--smush-placeholder-width: 640px; --smush-placeholder-aspect-ratio: 640\/504;\" \/><\/a><\/figure>\n\n\n\n<p>Al llegar y tras la evaluaci\u00f3n del escenario, solicitaron la presencia de los especialistas en este tipo de hechos: el Departamento B\u00fasqueda de Personas junto a la Divisi\u00f3n Bomberos. Estos hombres coordinaron las diferentes tareas de rescate. Mientras el propietario de 78 a\u00f1os, era traslado el centro asistencial, con heridas leves.<\/p>\n\n\n\n<figure class=\"wp-block-image size-large\"><a href=\"https:\/\/i0.wp.com\/elterritorialweb.com.ar\/web\/wp-content\/uploads\/2022\/07\/DERRUMBE-1-e1658015896853.jpg\"><img data-recalc-dims=\"1\" decoding=\"async\" width=\"640\" height=\"547\" data-src=\"https:\/\/i0.wp.com\/elterritorialweb.com.ar\/web\/wp-content\/uploads\/2022\/07\/DERRUMBE-1-e1658015896853-1024x875.jpg?resize=640%2C547\" alt=\"\" class=\"wp-image-42395 lazyload\" data-srcset=\"https:\/\/i0.wp.com\/elterritorialweb.com.ar\/web\/wp-content\/uploads\/2022\/07\/DERRUMBE-1-e1658015896853.jpg?resize=1024%2C875 1024w, https:\/\/i0.wp.com\/elterritorialweb.com.ar\/web\/wp-content\/uploads\/2022\/07\/DERRUMBE-1-e1658015896853.jpg?resize=300%2C256 300w, https:\/\/i0.wp.com\/elterritorialweb.com.ar\/web\/wp-content\/uploads\/2022\/07\/DERRUMBE-1-e1658015896853.jpg?resize=768%2C656 768w, https:\/\/i0.wp.com\/elterritorialweb.com.ar\/web\/wp-content\/uploads\/2022\/07\/DERRUMBE-1-e1658015896853.jpg?w=1080 1080w\" data-sizes=\"(max-width: 640px) 100vw, 640px\" src=\"data:image\/svg+xml;base64,PHN2ZyB3aWR0aD0iMSIgaGVpZ2h0PSIxIiB4bWxucz0iaHR0cDovL3d3dy53My5vcmcvMjAwMC9zdmciPjwvc3ZnPg==\" style=\"--smush-placeholder-width: 640px; --smush-placeholder-aspect-ratio: 640\/547;\" \/><\/a><\/figure>\n\n\n\n<p>Sin embargo, los expertos en b\u00fasqueda y rescate en estructuras colapsadas deb\u00edan asegurar el per\u00edmetro donde cay\u00f3 la edificaci\u00f3n, ante la posible presencia de otras v\u00edctimas o seres vivos como mascotas que aun est\u00e9n atrapados en los escombros. O bien pudiera generarse un nuevo derrumbe y provocar una tragedia.<\/p>\n","protected":false},"excerpt":{"rendered":"<p>La comitiva policial estuvo encabezada por el Departamento B\u00fasqueda de Personas y Divisi\u00f3n Bomberos, recientemente capacitados y entrenados por la reconocida Brigada Internacional de Rescate Topos Tlatelolco a.m. de M\u00e9xico, en materia de B\u00fasqueda y Rescate en Estructuras Colapsadas. La puesta en marcha de los conocimientos adquiridos permiti\u00f3 salvaguardar a un hombre de 78 a\u00f1os, tras el derrumbe de su casa en el barrio Almirante Brown.<\/p>\n","protected":false},"author":2,"featured_media":42399,"comment_status":"open","ping_status":"open","sticky":false,"template":"","format":"standard","meta":{"om_disable_all_campaigns":false,"_monsterinsights_skip_tracking":false,"_monsterinsights_sitenote_active":false,"_monsterinsights_sitenote_note":"","_monsterinsights_sitenote_category":0,"_uf_show_specific_survey":0,"_uf_disable_surveys":false,"jetpack_post_was_ever_published":false,"_jetpack_newsletter_access":"","_jetpack_dont_email_post_to_subs":false,"_jetpack_newsletter_tier_id":0,"_jetpack_memberships_contains_paywalled_content":false,"_jetpack_memberships_contains_paid_content":false,"footnotes":"","jetpack_publicize_message":"","jetpack_publicize_feature_enabled":true,"jetpack_social_post_already_shared":false,"jetpack_social_options":{"image_generator_settings":{"template":"highway","default_image_id":0,"font":"","enabled":false},"version":2}},"categories":[21],"tags":[],"class_list":["post-42394","post","type-post","status-publish","format-standard","has-post-thumbnail","hentry","category-locales"],"aioseo_notices":[],"views":8,"jetpack_publicize_connections":[],"jetpack_featured_media_url":"https:\/\/i0.wp.com\/elterritorialweb.com.ar\/web\/wp-content\/uploads\/2022\/07\/DERRUMBE-e1658015814887.jpg?fit=1080%2C831","jetpack_sharing_enabled":true,"_links":{"self":[{"href":"http:\/\/elterritorialweb.com.ar\/web\/wp-json\/wp\/v2\/posts\/42394","targetHints":{"allow":["GET"]}}],"collection":[{"href":"http:\/\/elterritorialweb.com.ar\/web\/wp-json\/wp\/v2\/posts"}],"about":[{"href":"http:\/\/elterritorialweb.com.ar\/web\/wp-json\/wp\/v2\/types\/post"}],"author":[{"embeddable":true,"href":"http:\/\/elterritorialweb.com.ar\/web\/wp-json\/wp\/v2\/users\/2"}],"replies":[{"embeddable":true,"href":"http:\/\/elterritorialweb.com.ar\/web\/wp-json\/wp\/v2\/comments?post=42394"}],"version-history":[{"count":1,"href":"http:\/\/elterritorialweb.com.ar\/web\/wp-json\/wp\/v2\/posts\/42394\/revisions"}],"predecessor-version":[{"id":42400,"href":"http:\/\/elterritorialweb.com.ar\/web\/wp-json\/wp\/v2\/posts\/42394\/revisions\/42400"}],"wp:featuredmedia":[{"embeddable":true,"href":"http:\/\/elterritorialweb.com.ar\/web\/wp-json\/wp\/v2\/media\/42399"}],"wp:attachment":[{"href":"http:\/\/elterritorialweb.com.ar\/web\/wp-json\/wp\/v2\/media?parent=42394"}],"wp:term":[{"taxonomy":"category","embeddable":true,"href":"http:\/\/elterritorialweb.com.ar\/web\/wp-json\/wp\/v2\/categories?post=42394"},{"taxonomy":"post_tag","embeddable":true,"href":"http:\/\/elterritorialweb.com.ar\/web\/wp-json\/wp\/v2\/tags?post=42394"}],"curies":[{"name":"wp","href":"https:\/\/api.w.org\/{rel}","templated":true}]}}