{"id":42402,"date":"2022-07-17T02:32:41","date_gmt":"2022-07-17T02:32:41","guid":{"rendered":"http:\/\/elterritorialweb.com.ar\/web\/?p=42402"},"modified":"2022-07-17T02:32:41","modified_gmt":"2022-07-17T02:32:41","slug":"boca-le-gano-a-talleres-y-benedetto-volvio-a-errar-un-penal","status":"publish","type":"post","link":"http:\/\/elterritorialweb.com.ar\/web\/boca-le-gano-a-talleres-y-benedetto-volvio-a-errar-un-penal\/","title":{"rendered":"BOCA LE GAN\u00d3 A TALLERES Y BENEDETTO VOLVI\u00d3 A ERRAR UN PENAL"},"content":{"rendered":"\n<p>Boca le gan\u00f3 a\u00a0Talleres de C\u00f3rdoba por 1 a 0 en La Bombonera, con gol de Marcos Rojo de penal a los 80 minutos.<\/p>\n\n\n\n<p>Despu\u00e9s de la eliminaci\u00f3n de Boca en los octavos de final de la Copa Libertadores, m\u00e1s las tres derrotas al hilo en el torneo local y el conflicto suscitado entre el Consejo de F\u00fatbol y los jugadores Carlos Izquierdoz, Marcos Rojo, Frank Fabra y Dar\u00edo Benedetto por el reclamo de premios adeudados, los tres \u00faltimos y el arquero Agust\u00edn Rossi fueron los m\u00e1s aplaudidos por los hinchas.<\/p>\n\n\n\n<figure class=\"wp-block-image size-large\"><a href=\"https:\/\/i0.wp.com\/elterritorialweb.com.ar\/web\/wp-content\/uploads\/2022\/07\/BOCA-TALLERES-2-scaled.jpg\"><img data-recalc-dims=\"1\" decoding=\"async\" width=\"640\" height=\"448\" data-src=\"https:\/\/i0.wp.com\/elterritorialweb.com.ar\/web\/wp-content\/uploads\/2022\/07\/BOCA-TALLERES-2.jpg?resize=640%2C448\" alt=\"\" class=\"wp-image-42404 lazyload\" data-srcset=\"https:\/\/i0.wp.com\/elterritorialweb.com.ar\/web\/wp-content\/uploads\/2022\/07\/BOCA-TALLERES-2-scaled.jpg?resize=1024%2C716 1024w, https:\/\/i0.wp.com\/elterritorialweb.com.ar\/web\/wp-content\/uploads\/2022\/07\/BOCA-TALLERES-2-scaled.jpg?resize=300%2C210 300w, https:\/\/i0.wp.com\/elterritorialweb.com.ar\/web\/wp-content\/uploads\/2022\/07\/BOCA-TALLERES-2-scaled.jpg?resize=768%2C537 768w, https:\/\/i0.wp.com\/elterritorialweb.com.ar\/web\/wp-content\/uploads\/2022\/07\/BOCA-TALLERES-2-scaled.jpg?resize=1536%2C1074 1536w, https:\/\/i0.wp.com\/elterritorialweb.com.ar\/web\/wp-content\/uploads\/2022\/07\/BOCA-TALLERES-2-scaled.jpg?resize=2048%2C1432 2048w, https:\/\/i0.wp.com\/elterritorialweb.com.ar\/web\/wp-content\/uploads\/2022\/07\/BOCA-TALLERES-2-scaled.jpg?w=1280 1280w, https:\/\/i0.wp.com\/elterritorialweb.com.ar\/web\/wp-content\/uploads\/2022\/07\/BOCA-TALLERES-2-scaled.jpg?w=1920 1920w\" data-sizes=\"(max-width: 640px) 100vw, 640px\" src=\"data:image\/svg+xml;base64,PHN2ZyB3aWR0aD0iMSIgaGVpZ2h0PSIxIiB4bWxucz0iaHR0cDovL3d3dy53My5vcmcvMjAwMC9zdmciPjwvc3ZnPg==\" style=\"--smush-placeholder-width: 640px; --smush-placeholder-aspect-ratio: 640\/448;\" \/><\/a><\/figure>\n\n\n\n<p>Apenas comenzado el partido, Dar\u00edo Banedetto tuvo la oportunidad de abrir el marcador tambi\u00e9n desde los 12 pasos, pero estrell\u00f3 el disparo contra el travesa\u00f1o a los 7 minutos.<\/p>\n\n\n\n<figure class=\"wp-block-image size-full\"><a href=\"https:\/\/i0.wp.com\/elterritorialweb.com.ar\/web\/wp-content\/uploads\/2022\/07\/BENEDETTO.jpg\"><img data-recalc-dims=\"1\" decoding=\"async\" width=\"640\" height=\"359\" data-src=\"https:\/\/i0.wp.com\/elterritorialweb.com.ar\/web\/wp-content\/uploads\/2022\/07\/BENEDETTO.jpg?resize=640%2C359\" alt=\"\" class=\"wp-image-42406 lazyload\" data-srcset=\"https:\/\/i0.wp.com\/elterritorialweb.com.ar\/web\/wp-content\/uploads\/2022\/07\/BENEDETTO.jpg?w=1010 1010w, https:\/\/i0.wp.com\/elterritorialweb.com.ar\/web\/wp-content\/uploads\/2022\/07\/BENEDETTO.jpg?resize=300%2C168 300w, https:\/\/i0.wp.com\/elterritorialweb.com.ar\/web\/wp-content\/uploads\/2022\/07\/BENEDETTO.jpg?resize=768%2C431 768w\" data-sizes=\"(max-width: 640px) 100vw, 640px\" src=\"data:image\/svg+xml;base64,PHN2ZyB3aWR0aD0iMSIgaGVpZ2h0PSIxIiB4bWxucz0iaHR0cDovL3d3dy53My5vcmcvMjAwMC9zdmciPjwvc3ZnPg==\" style=\"--smush-placeholder-width: 640px; --smush-placeholder-aspect-ratio: 640\/359;\" \/><\/a><\/figure>\n\n\n\n<p>El Xeneixe logr\u00f3 as\u00ed un triunfo que le trae tranquilidad a la crisis de convivencia interna que se desat\u00f3 con la eliminaci\u00f3n en la Copa Libertadores y se agrav\u00f3 tras caer en el cl\u00e1sico ante San Lorenzo (1-2) el fin de semana pasado.<\/p>\n\n\n\n<iframe width=\"640\" height=\"360\" data-src=\"http:\/\/www.espn.com.ar\/core\/video\/iframe?id=10647820&#038;endcard=false\" allowfullscreen frameborder=\"0\" src=\"data:image\/svg+xml;base64,PHN2ZyB3aWR0aD0iMSIgaGVpZ2h0PSIxIiB4bWxucz0iaHR0cDovL3d3dy53My5vcmcvMjAwMC9zdmciPjwvc3ZnPg==\" class=\"lazyload\" data-load-mode=\"1\"><\/iframe>\n\n","protected":false},"excerpt":{"rendered":"<p>Marcos Rojo anot\u00f3 de penal a los 80 minutos para darle al \u00abXeneixe\u00bb la victoria por 1 a 0 ante la \u00abT\u00bb. Dar\u00edo Benedetto hab\u00eda errado desde los 12 pasos a los 7 minutos del primer tiempo. <\/p>\n","protected":false},"author":2,"featured_media":42405,"comment_status":"open","ping_status":"open","sticky":false,"template":"","format":"standard","meta":{"om_disable_all_campaigns":false,"_monsterinsights_skip_tracking":false,"_monsterinsights_sitenote_active":false,"_monsterinsights_sitenote_note":"","_monsterinsights_sitenote_category":0,"_uf_show_specific_survey":0,"_uf_disable_surveys":false,"jetpack_post_was_ever_published":false,"_jetpack_newsletter_access":"","_jetpack_dont_email_post_to_subs":false,"_jetpack_newsletter_tier_id":0,"_jetpack_memberships_contains_paywalled_content":false,"_jetpack_memberships_contains_paid_content":false,"footnotes":"","jetpack_publicize_message":"","jetpack_publicize_feature_enabled":true,"jetpack_social_post_already_shared":false,"jetpack_social_options":{"image_generator_settings":{"template":"highway","default_image_id":0,"font":"","enabled":false},"version":2}},"categories":[6],"tags":[],"class_list":["post-42402","post","type-post","status-publish","format-standard","has-post-thumbnail","hentry","category-deportes"],"aioseo_notices":[],"views":7,"jetpack_publicize_connections":[],"jetpack_featured_media_url":"https:\/\/i0.wp.com\/elterritorialweb.com.ar\/web\/wp-content\/uploads\/2022\/07\/BOCA-TALLERES-PORTADA-1.jpg?fit=680%2C458","jetpack_sharing_enabled":true,"_links":{"self":[{"href":"http:\/\/elterritorialweb.com.ar\/web\/wp-json\/wp\/v2\/posts\/42402","targetHints":{"allow":["GET"]}}],"collection":[{"href":"http:\/\/elterritorialweb.com.ar\/web\/wp-json\/wp\/v2\/posts"}],"about":[{"href":"http:\/\/elterritorialweb.com.ar\/web\/wp-json\/wp\/v2\/types\/post"}],"author":[{"embeddable":true,"href":"http:\/\/elterritorialweb.com.ar\/web\/wp-json\/wp\/v2\/users\/2"}],"replies":[{"embeddable":true,"href":"http:\/\/elterritorialweb.com.ar\/web\/wp-json\/wp\/v2\/comments?post=42402"}],"version-history":[{"count":1,"href":"http:\/\/elterritorialweb.com.ar\/web\/wp-json\/wp\/v2\/posts\/42402\/revisions"}],"predecessor-version":[{"id":42407,"href":"http:\/\/elterritorialweb.com.ar\/web\/wp-json\/wp\/v2\/posts\/42402\/revisions\/42407"}],"wp:featuredmedia":[{"embeddable":true,"href":"http:\/\/elterritorialweb.com.ar\/web\/wp-json\/wp\/v2\/media\/42405"}],"wp:attachment":[{"href":"http:\/\/elterritorialweb.com.ar\/web\/wp-json\/wp\/v2\/media?parent=42402"}],"wp:term":[{"taxonomy":"category","embeddable":true,"href":"http:\/\/elterritorialweb.com.ar\/web\/wp-json\/wp\/v2\/categories?post=42402"},{"taxonomy":"post_tag","embeddable":true,"href":"http:\/\/elterritorialweb.com.ar\/web\/wp-json\/wp\/v2\/tags?post=42402"}],"curies":[{"name":"wp","href":"https:\/\/api.w.org\/{rel}","templated":true}]}}