{"id":42418,"date":"2022-07-19T13:32:25","date_gmt":"2022-07-19T13:32:25","guid":{"rendered":"http:\/\/elterritorialweb.com.ar\/web\/?p=42418"},"modified":"2022-07-19T13:33:03","modified_gmt":"2022-07-19T13:33:03","slug":"fernandez-la-obra-publica-debe-ser-un-gran-motor-para-llevar-trabajo-ya-desarrollado","status":"publish","type":"post","link":"http:\/\/elterritorialweb.com.ar\/web\/fernandez-la-obra-publica-debe-ser-un-gran-motor-para-llevar-trabajo-ya-desarrollado\/","title":{"rendered":"FERN\u00c1NDEZ: \u00abLA OBRA P\u00daBLICA DEBE SER UN GRAN MOTOR PARA LLEVAR TRABAJO YA DESARROLLADO"},"content":{"rendered":"\n<p>\u201cLa obra p\u00fablica debe ser un gran motor para llevar trabajo y desarrollo a todo el pa\u00eds\u201d, dijo el mandatario en el Museo del Bicentenario de Casa Rosada acompa\u00f1ado por el jefe de Gabinete, Juan Manzur, y la jefa del Distrito 1 de Vialidad Nacional, Mar\u00eda Alicia Rivero. Participaron adem\u00e1s los gobernadores: Axel Kicillof (Buenos Aires), Ra\u00fal Jalil (Catamarca), Omar Guti\u00e9rrez (Neuqu\u00e9n), Gerardo Zamora (Santiago del Estero) y Osvaldo Jaldo (Tucum\u00e1n). Y de forma virtual Rodolfo Suarez (Mendoza), Jorge Capitanich (Chaco) y Gustavo S\u00e1enz (Salta).<\/p>\n\n\n\n<p>\u00abAlgunos creemos en una sociedad justa, igualitaria y soberana. Y otros creen en una sociedad claudicante, que tiene amparo solo para la mitad de la Argentina, y deja a la intemperie a la otra mitad. Nosotros estamos con los primeros\u201d dijo Fern\u00e1ndez y luego detall\u00f3: \u201cHoy tenemos 5000 obras en ejecuci\u00f3n, 979 proyectos que se llevan adelante en m\u00e1s de 1500 municipios. Hoy estamos lanzando el inicio de 120 grandes obras y proyectos estructurales para el desarrollo productivo de la Argentina. Eso cuesta 837 mil millones de pesos\u00bb.<\/p>\n\n\n\n<figure class=\"wp-block-image size-large\"><a href=\"https:\/\/i0.wp.com\/elterritorialweb.com.ar\/web\/wp-content\/uploads\/2022\/07\/argentinagrande3.jpg\"><img data-recalc-dims=\"1\" decoding=\"async\" width=\"640\" height=\"426\" data-src=\"https:\/\/i0.wp.com\/elterritorialweb.com.ar\/web\/wp-content\/uploads\/2022\/07\/argentinagrande3.jpg?resize=640%2C426\" alt=\"\" class=\"wp-image-42421 lazyload\" data-srcset=\"https:\/\/i0.wp.com\/elterritorialweb.com.ar\/web\/wp-content\/uploads\/2022\/07\/argentinagrande3.jpg?resize=1024%2C682 1024w, https:\/\/i0.wp.com\/elterritorialweb.com.ar\/web\/wp-content\/uploads\/2022\/07\/argentinagrande3.jpg?resize=300%2C200 300w, https:\/\/i0.wp.com\/elterritorialweb.com.ar\/web\/wp-content\/uploads\/2022\/07\/argentinagrande3.jpg?resize=768%2C512 768w, https:\/\/i0.wp.com\/elterritorialweb.com.ar\/web\/wp-content\/uploads\/2022\/07\/argentinagrande3.jpg?resize=1536%2C1024 1536w, https:\/\/i0.wp.com\/elterritorialweb.com.ar\/web\/wp-content\/uploads\/2022\/07\/argentinagrande3.jpg?w=1940 1940w, https:\/\/i0.wp.com\/elterritorialweb.com.ar\/web\/wp-content\/uploads\/2022\/07\/argentinagrande3.jpg?w=1280 1280w\" data-sizes=\"(max-width: 640px) 100vw, 640px\" src=\"data:image\/svg+xml;base64,PHN2ZyB3aWR0aD0iMSIgaGVpZ2h0PSIxIiB4bWxucz0iaHR0cDovL3d3dy53My5vcmcvMjAwMC9zdmciPjwvc3ZnPg==\" style=\"--smush-placeholder-width: 640px; --smush-placeholder-aspect-ratio: 640\/426;\" \/><\/a><\/figure>\n\n\n\n<p>Tras explicar el plan el presidente agreg\u00f3: \u00abHemos llegado hasta aqu\u00ed para que la Argentina recupere la producci\u00f3n, el trabajo, la dignidad, la educaci\u00f3n p\u00fablica y la salud p\u00fablica. Queremos una Argentina desarrollada inserta en el mundo con la dignidad de ser un pa\u00eds soberano\u00bb.<\/p>\n\n\n\n<p>Por su parte el ministro Katopodis se\u00f1al\u00f3: \u201cEstas obras marcan el desarrollo de nuestro pa\u00eds para los pr\u00f3ximos 30 a\u00f1os y empujan en cada regi\u00f3n el sector de la econom\u00eda que define el desarrollo de ese lugar y de esta Argentina federal\u201d.<\/p>\n\n\n\n<p>Las siete obras anunciadas incluyen la nueva autopista en la Ruta Nacional 9 entre las provincias de Tucum\u00e1n y Santiago del Estero; el inicio de la adecuaci\u00f3n del T\u00fanel Caracoles \u2013 Sistema Cristo Redentor de la Ruta Nacional 7 en Mendoza, y la obra del nuevo edificio del Hospital Norpatag\u00f3nico en Neuqu\u00e9n. <\/p>\n\n\n\n<figure class=\"wp-block-image size-large\"><a href=\"https:\/\/i0.wp.com\/elterritorialweb.com.ar\/web\/wp-content\/uploads\/2022\/07\/argentinagrande2.jpg\"><img data-recalc-dims=\"1\" decoding=\"async\" width=\"640\" height=\"427\" data-src=\"https:\/\/i0.wp.com\/elterritorialweb.com.ar\/web\/wp-content\/uploads\/2022\/07\/argentinagrande2.jpg?resize=640%2C427\" alt=\"\" class=\"wp-image-42420 lazyload\" data-srcset=\"https:\/\/i0.wp.com\/elterritorialweb.com.ar\/web\/wp-content\/uploads\/2022\/07\/argentinagrande2.jpg?resize=1024%2C683 1024w, https:\/\/i0.wp.com\/elterritorialweb.com.ar\/web\/wp-content\/uploads\/2022\/07\/argentinagrande2.jpg?resize=300%2C200 300w, https:\/\/i0.wp.com\/elterritorialweb.com.ar\/web\/wp-content\/uploads\/2022\/07\/argentinagrande2.jpg?resize=768%2C512 768w, https:\/\/i0.wp.com\/elterritorialweb.com.ar\/web\/wp-content\/uploads\/2022\/07\/argentinagrande2.jpg?resize=1536%2C1025 1536w, https:\/\/i0.wp.com\/elterritorialweb.com.ar\/web\/wp-content\/uploads\/2022\/07\/argentinagrande2.jpg?w=1940 1940w, https:\/\/i0.wp.com\/elterritorialweb.com.ar\/web\/wp-content\/uploads\/2022\/07\/argentinagrande2.jpg?w=1280 1280w\" data-sizes=\"(max-width: 640px) 100vw, 640px\" src=\"data:image\/svg+xml;base64,PHN2ZyB3aWR0aD0iMSIgaGVpZ2h0PSIxIiB4bWxucz0iaHR0cDovL3d3dy53My5vcmcvMjAwMC9zdmciPjwvc3ZnPg==\" style=\"--smush-placeholder-width: 640px; --smush-placeholder-aspect-ratio: 640\/427;\" \/><\/a><\/figure>\n\n\n\n<p>Tambi\u00e9n se inform\u00f3 el inicio de la obra de Continuaci\u00f3n de la Autopista Buenos Aires-La Plata para su empalme con la Ruta Provincial 11; de la Autopista Rosario de la Frontera &#8211; Met\u00e1n sobre las rutas nacionales 9 y 34 en Salta; el llamado a licitaci\u00f3n de las Variantes de Acceso al Segundo Puente Chaco-Corrientes; y el financiamiento de la Presa del R\u00edo Hondo de Catamarca.<\/p>\n","protected":false},"excerpt":{"rendered":"<p>El presidente Alberto Fern\u00e1ndez anunci\u00f3 junto a gobernadores y el ministro de Obras P\u00fablicas, Gabriel Katopodis, siete obras de los 120 proyectos estrat\u00e9gicos del plan de infraestructura Argentina GRANDE, que busca favorecer el desarrollo productivo y la integraci\u00f3n regional. Este primer grupo de siete proyectos cuenta con una inversi\u00f3n de 71.282 millones de pesos.<\/p>\n","protected":false},"author":2,"featured_media":42419,"comment_status":"open","ping_status":"open","sticky":false,"template":"","format":"standard","meta":{"om_disable_all_campaigns":false,"_monsterinsights_skip_tracking":false,"_monsterinsights_sitenote_active":false,"_monsterinsights_sitenote_note":"","_monsterinsights_sitenote_category":0,"_uf_show_specific_survey":0,"_uf_disable_surveys":false,"jetpack_post_was_ever_published":false,"_jetpack_newsletter_access":"","_jetpack_dont_email_post_to_subs":false,"_jetpack_newsletter_tier_id":0,"_jetpack_memberships_contains_paywalled_content":false,"_jetpack_memberships_contains_paid_content":false,"footnotes":"","jetpack_publicize_message":"","jetpack_publicize_feature_enabled":true,"jetpack_social_post_already_shared":false,"jetpack_social_options":{"image_generator_settings":{"template":"highway","default_image_id":0,"font":"","enabled":false},"version":2}},"categories":[4,18],"tags":[],"class_list":["post-42418","post","type-post","status-publish","format-standard","has-post-thumbnail","hentry","category-destacadas","category-politica"],"aioseo_notices":[],"views":11,"jetpack_publicize_connections":[],"jetpack_featured_media_url":"https:\/\/i0.wp.com\/elterritorialweb.com.ar\/web\/wp-content\/uploads\/2022\/07\/argentinagrande.jpg?fit=1940%2C1293","jetpack_sharing_enabled":true,"_links":{"self":[{"href":"http:\/\/elterritorialweb.com.ar\/web\/wp-json\/wp\/v2\/posts\/42418","targetHints":{"allow":["GET"]}}],"collection":[{"href":"http:\/\/elterritorialweb.com.ar\/web\/wp-json\/wp\/v2\/posts"}],"about":[{"href":"http:\/\/elterritorialweb.com.ar\/web\/wp-json\/wp\/v2\/types\/post"}],"author":[{"embeddable":true,"href":"http:\/\/elterritorialweb.com.ar\/web\/wp-json\/wp\/v2\/users\/2"}],"replies":[{"embeddable":true,"href":"http:\/\/elterritorialweb.com.ar\/web\/wp-json\/wp\/v2\/comments?post=42418"}],"version-history":[{"count":1,"href":"http:\/\/elterritorialweb.com.ar\/web\/wp-json\/wp\/v2\/posts\/42418\/revisions"}],"predecessor-version":[{"id":42422,"href":"http:\/\/elterritorialweb.com.ar\/web\/wp-json\/wp\/v2\/posts\/42418\/revisions\/42422"}],"wp:featuredmedia":[{"embeddable":true,"href":"http:\/\/elterritorialweb.com.ar\/web\/wp-json\/wp\/v2\/media\/42419"}],"wp:attachment":[{"href":"http:\/\/elterritorialweb.com.ar\/web\/wp-json\/wp\/v2\/media?parent=42418"}],"wp:term":[{"taxonomy":"category","embeddable":true,"href":"http:\/\/elterritorialweb.com.ar\/web\/wp-json\/wp\/v2\/categories?post=42418"},{"taxonomy":"post_tag","embeddable":true,"href":"http:\/\/elterritorialweb.com.ar\/web\/wp-json\/wp\/v2\/tags?post=42418"}],"curies":[{"name":"wp","href":"https:\/\/api.w.org\/{rel}","templated":true}]}}