{"id":42428,"date":"2022-07-19T21:28:57","date_gmt":"2022-07-19T21:28:57","guid":{"rendered":"http:\/\/elterritorialweb.com.ar\/web\/?p=42428"},"modified":"2022-07-19T21:30:55","modified_gmt":"2022-07-19T21:30:55","slug":"se-viene-la-8-edicion-del-encuentro-de-payadores","status":"publish","type":"post","link":"http:\/\/elterritorialweb.com.ar\/web\/se-viene-la-8-edicion-del-encuentro-de-payadores\/","title":{"rendered":"SE VIENE LA 8\u00b0 EDICI\u00d3N DEL ENCUENTRO DE PAYADORES"},"content":{"rendered":"\n<p>Santiago del Estero se prepara para vivir la octava edici\u00f3n del Encuentro de Payadores, \u201cLatinoam\u00e9rica canta en Herrera\u201d, a realizarse los pr\u00f3ximos 13 y 14 de agosto, con la visita de trovadores de Argentina, Chile y Uruguay, para hermanarse en un solo canto.<\/p>\n\n\n\n<p>La cita es en el barrio Tala Pozo de la localidad de Herrera (departamento Avellaneda), en el propio hogar del&nbsp;<strong>payador quichuista L\u00e1zaro Moreno<\/strong>, quien volver\u00e1 abrir\u00e1 las puertas de su casa para recibir durante dos d\u00edas a estos cultores del arte po\u00e9tico musical.<\/p>\n\n\n\n<figure class=\"wp-block-image size-full\"><a href=\"https:\/\/i0.wp.com\/elterritorialweb.com.ar\/web\/wp-content\/uploads\/2022\/07\/payadores1.jpg\"><img data-recalc-dims=\"1\" decoding=\"async\" width=\"640\" height=\"427\" data-src=\"https:\/\/i0.wp.com\/elterritorialweb.com.ar\/web\/wp-content\/uploads\/2022\/07\/payadores1.jpg?resize=640%2C427\" alt=\"\" class=\"wp-image-42430 lazyload\" data-srcset=\"https:\/\/i0.wp.com\/elterritorialweb.com.ar\/web\/wp-content\/uploads\/2022\/07\/payadores1.jpg?w=960 960w, https:\/\/i0.wp.com\/elterritorialweb.com.ar\/web\/wp-content\/uploads\/2022\/07\/payadores1.jpg?resize=300%2C200 300w, https:\/\/i0.wp.com\/elterritorialweb.com.ar\/web\/wp-content\/uploads\/2022\/07\/payadores1.jpg?resize=768%2C512 768w\" data-sizes=\"(max-width: 640px) 100vw, 640px\" src=\"data:image\/svg+xml;base64,PHN2ZyB3aWR0aD0iMSIgaGVpZ2h0PSIxIiB4bWxucz0iaHR0cDovL3d3dy53My5vcmcvMjAwMC9zdmciPjwvc3ZnPg==\" style=\"--smush-placeholder-width: 640px; --smush-placeholder-aspect-ratio: 640\/427;\" \/><\/a><\/figure>\n\n\n\n<p>Entre los payadores convocados, est\u00e1n invitados a participar Oscar Silva, Cacho Artigas, Miguel Ponce, Franco Baigorr\u00ed, Pablo Quiroz, Nelson Luna, Cristian M\u00e9ndez, David Oscar, Pablo D\u00edaz, Emanuel Gabotto, Luis Lorenzo Gonz\u00e1lez, Santiago Vaquero, Miguel \u00c1ngel Olivera.<\/p>\n\n\n\n<p>Desde otros puntos del pa\u00eds y Santiago del Estero, participar\u00e1n tambi\u00e9n Leo Miranda (Chubut), Sergio Ag\u00fcero (San Luis), Las Sachaguitarras Atamisque\u00f1as (Villa Atamisqui), Pucho Vizgarra (Garza), D\u00fao Hermanos Qui\u00f1onez (Herrera), Sachamanta (Barrancas), Kike Loto (Garza), Suri P\u00e9rez, Lidio Reyes, Milton Pino, Pich\u00f3n Gonz\u00e1lez y su conjunto, entre otros.<\/p>\n\n\n\n<figure class=\"wp-block-image size-full\"><a href=\"https:\/\/i0.wp.com\/elterritorialweb.com.ar\/web\/wp-content\/uploads\/2022\/07\/payadores2.jpg\"><img data-recalc-dims=\"1\" decoding=\"async\" width=\"640\" height=\"427\" data-src=\"https:\/\/i0.wp.com\/elterritorialweb.com.ar\/web\/wp-content\/uploads\/2022\/07\/payadores2.jpg?resize=640%2C427\" alt=\"\" class=\"wp-image-42431 lazyload\" data-srcset=\"https:\/\/i0.wp.com\/elterritorialweb.com.ar\/web\/wp-content\/uploads\/2022\/07\/payadores2.jpg?w=960 960w, https:\/\/i0.wp.com\/elterritorialweb.com.ar\/web\/wp-content\/uploads\/2022\/07\/payadores2.jpg?resize=300%2C200 300w, https:\/\/i0.wp.com\/elterritorialweb.com.ar\/web\/wp-content\/uploads\/2022\/07\/payadores2.jpg?resize=768%2C512 768w\" data-sizes=\"(max-width: 640px) 100vw, 640px\" src=\"data:image\/svg+xml;base64,PHN2ZyB3aWR0aD0iMSIgaGVpZ2h0PSIxIiB4bWxucz0iaHR0cDovL3d3dy53My5vcmcvMjAwMC9zdmciPjwvc3ZnPg==\" style=\"--smush-placeholder-width: 640px; --smush-placeholder-aspect-ratio: 640\/427;\" \/><\/a><\/figure>\n\n\n\n<p>El s\u00e1bado 13 de agosto desde las 20 se har\u00e1 la vigilia con pe\u00f1a folcl\u00f3rica, velada con entrada libre y gratuita, de la que participar\u00e1n artistas de la zona; mientras que el domingo 14 desde las 10 dar\u00e1 inicio el concierto latinoamericano de los payadores.<\/p>\n\n\n\n<p>El cierre de este tradicional encuentro estar\u00e1 a cargo de Sergio Galleguillo, con un show musical que empezar\u00e1 a las 18.<\/p>\n\n\n\n<p>Para el descanso de los visitantes, estar\u00e1 disponible un camping en la escuela de la zona, y se solicita adem\u00e1s llevar vajilla y reposera, para poder presenciar el espect\u00e1culo con mayor comodidad.<\/p>\n\n\n\n<figure class=\"wp-block-image size-large\"><a href=\"https:\/\/i0.wp.com\/elterritorialweb.com.ar\/web\/wp-content\/uploads\/2022\/07\/payadores4.jpg\"><img data-recalc-dims=\"1\" decoding=\"async\" width=\"640\" height=\"480\" data-src=\"https:\/\/i0.wp.com\/elterritorialweb.com.ar\/web\/wp-content\/uploads\/2022\/07\/payadores4.jpg?resize=640%2C480\" alt=\"\" class=\"wp-image-42432 lazyload\" data-srcset=\"https:\/\/i0.wp.com\/elterritorialweb.com.ar\/web\/wp-content\/uploads\/2022\/07\/payadores4.jpg?resize=1024%2C768 1024w, https:\/\/i0.wp.com\/elterritorialweb.com.ar\/web\/wp-content\/uploads\/2022\/07\/payadores4.jpg?resize=300%2C225 300w, https:\/\/i0.wp.com\/elterritorialweb.com.ar\/web\/wp-content\/uploads\/2022\/07\/payadores4.jpg?resize=768%2C576 768w, https:\/\/i0.wp.com\/elterritorialweb.com.ar\/web\/wp-content\/uploads\/2022\/07\/payadores4.jpg?resize=1536%2C1152 1536w, https:\/\/i0.wp.com\/elterritorialweb.com.ar\/web\/wp-content\/uploads\/2022\/07\/payadores4.jpg?w=2048 2048w, https:\/\/i0.wp.com\/elterritorialweb.com.ar\/web\/wp-content\/uploads\/2022\/07\/payadores4.jpg?w=1280 1280w, https:\/\/i0.wp.com\/elterritorialweb.com.ar\/web\/wp-content\/uploads\/2022\/07\/payadores4.jpg?w=1920 1920w\" data-sizes=\"(max-width: 640px) 100vw, 640px\" src=\"data:image\/svg+xml;base64,PHN2ZyB3aWR0aD0iMSIgaGVpZ2h0PSIxIiB4bWxucz0iaHR0cDovL3d3dy53My5vcmcvMjAwMC9zdmciPjwvc3ZnPg==\" style=\"--smush-placeholder-width: 640px; --smush-placeholder-aspect-ratio: 640\/480;\" \/><\/a><\/figure>\n\n\n\n<p>Las entradas anticipadas se podr\u00e1n conseguir a trav\u00e9s de:&nbsp;<a href=\"http:\/\/www.paseshow.com.ar\/\" target=\"_blank\" rel=\"noreferrer noopener\">www.paseshow.com.ar<\/a>, o bien escribiendo o llamando al tel\u00e9fono 3844507507. Ya se pueden ingresar al link directo para la compra de entradas:&nbsp;<a href=\"https:\/\/www.paseshow.com.ar\/#\/eventos\/8vo-encuentro-de-payadores\" target=\"_blank\" rel=\"noreferrer noopener\">https:\/\/www.paseshow.com.ar\/#\/eventos\/8vo-encuentro-de-payadores<\/a><\/p>\n\n\n\n<p>Invita L\u00e1zaro Moreno, con el auspicio de la gesti\u00f3n municipal de Herrera, gesti\u00f3n Marcos Bravo y Gobierno de la provincia de Santiago del Estero.<\/p>\n","protected":false},"excerpt":{"rendered":"<p>Con presencia de trovadores argentinos, chilenos y uruguayos.<\/p>\n","protected":false},"author":2,"featured_media":42429,"comment_status":"open","ping_status":"open","sticky":false,"template":"","format":"standard","meta":{"om_disable_all_campaigns":false,"_monsterinsights_skip_tracking":false,"_monsterinsights_sitenote_active":false,"_monsterinsights_sitenote_note":"","_monsterinsights_sitenote_category":0,"_uf_show_specific_survey":0,"_uf_disable_surveys":false,"jetpack_post_was_ever_published":false,"_jetpack_newsletter_access":"","_jetpack_dont_email_post_to_subs":false,"_jetpack_newsletter_tier_id":0,"_jetpack_memberships_contains_paywalled_content":false,"_jetpack_memberships_contains_paid_content":false,"footnotes":"","jetpack_publicize_message":"","jetpack_publicize_feature_enabled":true,"jetpack_social_post_already_shared":false,"jetpack_social_options":{"image_generator_settings":{"template":"highway","default_image_id":0,"font":"","enabled":false},"version":2}},"categories":[20],"tags":[],"class_list":["post-42428","post","type-post","status-publish","format-standard","has-post-thumbnail","hentry","category-especysociales"],"aioseo_notices":[],"views":27,"jetpack_publicize_connections":[],"jetpack_featured_media_url":"https:\/\/i0.wp.com\/elterritorialweb.com.ar\/web\/wp-content\/uploads\/2022\/07\/payadores6.jpg?fit=2048%2C1536","jetpack_sharing_enabled":true,"_links":{"self":[{"href":"http:\/\/elterritorialweb.com.ar\/web\/wp-json\/wp\/v2\/posts\/42428","targetHints":{"allow":["GET"]}}],"collection":[{"href":"http:\/\/elterritorialweb.com.ar\/web\/wp-json\/wp\/v2\/posts"}],"about":[{"href":"http:\/\/elterritorialweb.com.ar\/web\/wp-json\/wp\/v2\/types\/post"}],"author":[{"embeddable":true,"href":"http:\/\/elterritorialweb.com.ar\/web\/wp-json\/wp\/v2\/users\/2"}],"replies":[{"embeddable":true,"href":"http:\/\/elterritorialweb.com.ar\/web\/wp-json\/wp\/v2\/comments?post=42428"}],"version-history":[{"count":2,"href":"http:\/\/elterritorialweb.com.ar\/web\/wp-json\/wp\/v2\/posts\/42428\/revisions"}],"predecessor-version":[{"id":42434,"href":"http:\/\/elterritorialweb.com.ar\/web\/wp-json\/wp\/v2\/posts\/42428\/revisions\/42434"}],"wp:featuredmedia":[{"embeddable":true,"href":"http:\/\/elterritorialweb.com.ar\/web\/wp-json\/wp\/v2\/media\/42429"}],"wp:attachment":[{"href":"http:\/\/elterritorialweb.com.ar\/web\/wp-json\/wp\/v2\/media?parent=42428"}],"wp:term":[{"taxonomy":"category","embeddable":true,"href":"http:\/\/elterritorialweb.com.ar\/web\/wp-json\/wp\/v2\/categories?post=42428"},{"taxonomy":"post_tag","embeddable":true,"href":"http:\/\/elterritorialweb.com.ar\/web\/wp-json\/wp\/v2\/tags?post=42428"}],"curies":[{"name":"wp","href":"https:\/\/api.w.org\/{rel}","templated":true}]}}