{"id":42440,"date":"2022-07-19T23:48:50","date_gmt":"2022-07-19T23:48:50","guid":{"rendered":"http:\/\/elterritorialweb.com.ar\/web\/?p=42440"},"modified":"2022-07-19T23:49:11","modified_gmt":"2022-07-19T23:49:11","slug":"fernandez-la-argentina-quiere-eso-un-pueblo-que-trabaje-un-pueblo-solidario-y-que-el-estado-le-preste-atencion-al-que-necesite","status":"publish","type":"post","link":"http:\/\/elterritorialweb.com.ar\/web\/fernandez-la-argentina-quiere-eso-un-pueblo-que-trabaje-un-pueblo-solidario-y-que-el-estado-le-preste-atencion-al-que-necesite\/","title":{"rendered":"FERN\u00c1NDEZ: \u00abLA ARGENTINA QUIERE UN PUEBLO QUE TRABAJE, UN PUEBLO SOLIDARIO Y QUE EL ESTADO LE PRESTE ATENCI\u00d3N AL QUE NECESITE\u00bb"},"content":{"rendered":"\n<p>Acompa\u00f1ado por el ministro de Obras P\u00fablicas, Gabriel Katopodis, y por el intendente local interino en reemplazo de su padre, Sebasti\u00e1n Walker, el mandatario resalt\u00f3 la relevancia de estas obras y reafirm\u00f3 el objetivo de que \u201ctodos puedan disfrutar en el lugar donde nacieron\u201d.<\/p>\n\n\n\n<p>En la primera visita presidencial que recibe el municipio desde su fundaci\u00f3n, en el a\u00f1o 1839, Fern\u00e1ndez se\u00f1al\u00f3 que \u201cPila es un lugar muy importante por el desarrollo agropecuario y ganadero de Buenos Aires\u201d.<\/p>\n\n\n\n<figure class=\"wp-block-image size-large\"><a href=\"https:\/\/i0.wp.com\/elterritorialweb.com.ar\/web\/wp-content\/uploads\/2022\/07\/intendentes2.jpg\"><img data-recalc-dims=\"1\" decoding=\"async\" width=\"640\" height=\"426\" data-src=\"https:\/\/i0.wp.com\/elterritorialweb.com.ar\/web\/wp-content\/uploads\/2022\/07\/intendentes2.jpg?resize=640%2C426\" alt=\"\" class=\"wp-image-42442 lazyload\" data-srcset=\"https:\/\/i0.wp.com\/elterritorialweb.com.ar\/web\/wp-content\/uploads\/2022\/07\/intendentes2.jpg?resize=1024%2C682 1024w, https:\/\/i0.wp.com\/elterritorialweb.com.ar\/web\/wp-content\/uploads\/2022\/07\/intendentes2.jpg?resize=300%2C200 300w, https:\/\/i0.wp.com\/elterritorialweb.com.ar\/web\/wp-content\/uploads\/2022\/07\/intendentes2.jpg?resize=768%2C512 768w, https:\/\/i0.wp.com\/elterritorialweb.com.ar\/web\/wp-content\/uploads\/2022\/07\/intendentes2.jpg?resize=1536%2C1024 1536w, https:\/\/i0.wp.com\/elterritorialweb.com.ar\/web\/wp-content\/uploads\/2022\/07\/intendentes2.jpg?w=1940 1940w, https:\/\/i0.wp.com\/elterritorialweb.com.ar\/web\/wp-content\/uploads\/2022\/07\/intendentes2.jpg?w=1280 1280w\" data-sizes=\"(max-width: 640px) 100vw, 640px\" src=\"data:image\/svg+xml;base64,PHN2ZyB3aWR0aD0iMSIgaGVpZ2h0PSIxIiB4bWxucz0iaHR0cDovL3d3dy53My5vcmcvMjAwMC9zdmciPjwvc3ZnPg==\" style=\"--smush-placeholder-width: 640px; --smush-placeholder-aspect-ratio: 640\/426;\" \/><\/a><\/figure>\n\n\n\n<p>\u201cPrestarle atenci\u00f3n al reci\u00e9n nacido, a que cada chico tenga un lugar en la escuela y a que todos tengan salud, habla de la enorme solidaridad de este pueblo\u201d, dijo el presidente, al tiempo que remarc\u00f3 que Pila \u201cdeber\u00eda ser el modelo a seguir\u201d, porque \u201cla Argentina quiere eso: un pueblo que trabaje, un pueblo solidario, y que el Estado le preste atenci\u00f3n al que necesita\u201d.<\/p>\n\n\n\n<p>Los trabajos de pavimentaci\u00f3n de la circunvalaci\u00f3n, que permitieron generar 60 empleos directos, abarcaron una extensi\u00f3n de 5,9 kil\u00f3metros y contaron con una inversi\u00f3n nacional de 116 millones de pesos. Se trata de la principal v\u00eda de tr\u00e1nsito pesado en la zona, ya que es utilizada para el transporte de producci\u00f3n agr\u00edcola &#8211; ganadera y su conexi\u00f3n con los centros de acopio y comercializaci\u00f3n, y se ve\u00eda afectada en las \u00e9pocas de lluvia.<\/p>\n\n\n\n<figure class=\"wp-block-image size-large\"><a href=\"https:\/\/i0.wp.com\/elterritorialweb.com.ar\/web\/wp-content\/uploads\/2022\/07\/intendentes3.jpg\"><img data-recalc-dims=\"1\" decoding=\"async\" width=\"640\" height=\"426\" data-src=\"https:\/\/i0.wp.com\/elterritorialweb.com.ar\/web\/wp-content\/uploads\/2022\/07\/intendentes3.jpg?resize=640%2C426\" alt=\"\" class=\"wp-image-42443 lazyload\" data-srcset=\"https:\/\/i0.wp.com\/elterritorialweb.com.ar\/web\/wp-content\/uploads\/2022\/07\/intendentes3.jpg?resize=1024%2C682 1024w, https:\/\/i0.wp.com\/elterritorialweb.com.ar\/web\/wp-content\/uploads\/2022\/07\/intendentes3.jpg?resize=300%2C200 300w, https:\/\/i0.wp.com\/elterritorialweb.com.ar\/web\/wp-content\/uploads\/2022\/07\/intendentes3.jpg?resize=768%2C512 768w, https:\/\/i0.wp.com\/elterritorialweb.com.ar\/web\/wp-content\/uploads\/2022\/07\/intendentes3.jpg?resize=1536%2C1024 1536w, https:\/\/i0.wp.com\/elterritorialweb.com.ar\/web\/wp-content\/uploads\/2022\/07\/intendentes3.jpg?w=1940 1940w, https:\/\/i0.wp.com\/elterritorialweb.com.ar\/web\/wp-content\/uploads\/2022\/07\/intendentes3.jpg?w=1280 1280w\" data-sizes=\"(max-width: 640px) 100vw, 640px\" src=\"data:image\/svg+xml;base64,PHN2ZyB3aWR0aD0iMSIgaGVpZ2h0PSIxIiB4bWxucz0iaHR0cDovL3d3dy53My5vcmcvMjAwMC9zdmciPjwvc3ZnPg==\" style=\"--smush-placeholder-width: 640px; --smush-placeholder-aspect-ratio: 640\/426;\" \/><\/a><\/figure>\n\n\n\n<p>Luego de la puesta en marcha de la circunvalaci\u00f3n, el jefe de Estado comparti\u00f3 la ceremonia de inauguraci\u00f3n del nuevo edificio de la unidad sanitaria con el intendente em\u00e9rito, Gustavo Walker, en licencia por haber sufrido un ACV en abril de 2021, quien lo recibi\u00f3 al llegar al predio municipal.<\/p>\n\n\n\n<p>El centro de salud, que requiri\u00f3 una inversi\u00f3n de 27 millones de pesos y tiene una superficie de 720 metros cuadrados cubiertos, complementar\u00e1 la atenci\u00f3n del Hospital Municipal \u201cH\u00e9ctor Planes\u201d, que ya no contaba con espacio suficiente para cubrir todos los servicios y demandas sanitarias de la comunidad.<\/p>\n\n\n\n<p>Funcionar\u00e1 como residencia de larga estad\u00eda para personas mayores y tambi\u00e9n como espacio destinado a ni\u00f1as, ni\u00f1os y j\u00f3venes, con un sector para rehabilitaci\u00f3n f\u00edsica, adem\u00e1s de contar con servicios de cardiolog\u00eda, psicolog\u00eda, fonoaudiolog\u00eda, terapia ocupacional y un equipo para tratar consumos problem\u00e1ticos.<\/p>\n\n\n\n<p>Tras la finalizaci\u00f3n del edificio se prev\u00e9 una segunda etapa, que actualmente se encuentra en proceso de licitaci\u00f3n, en la que se completar\u00e1 la construcci\u00f3n de \u00e1reas de apoyo e instalaciones complementarias con una inversi\u00f3n adicional de 40 millones de pesos.<\/p>\n\n\n\n<figure class=\"wp-block-image size-large\"><a href=\"https:\/\/i0.wp.com\/elterritorialweb.com.ar\/web\/wp-content\/uploads\/2022\/07\/intendentes4.jpg\"><img data-recalc-dims=\"1\" decoding=\"async\" width=\"640\" height=\"426\" data-src=\"https:\/\/i0.wp.com\/elterritorialweb.com.ar\/web\/wp-content\/uploads\/2022\/07\/intendentes4.jpg?resize=640%2C426\" alt=\"\" class=\"wp-image-42444 lazyload\" data-srcset=\"https:\/\/i0.wp.com\/elterritorialweb.com.ar\/web\/wp-content\/uploads\/2022\/07\/intendentes4.jpg?resize=1024%2C682 1024w, https:\/\/i0.wp.com\/elterritorialweb.com.ar\/web\/wp-content\/uploads\/2022\/07\/intendentes4.jpg?resize=300%2C200 300w, https:\/\/i0.wp.com\/elterritorialweb.com.ar\/web\/wp-content\/uploads\/2022\/07\/intendentes4.jpg?resize=768%2C512 768w, https:\/\/i0.wp.com\/elterritorialweb.com.ar\/web\/wp-content\/uploads\/2022\/07\/intendentes4.jpg?resize=1536%2C1024 1536w, https:\/\/i0.wp.com\/elterritorialweb.com.ar\/web\/wp-content\/uploads\/2022\/07\/intendentes4.jpg?w=1940 1940w, https:\/\/i0.wp.com\/elterritorialweb.com.ar\/web\/wp-content\/uploads\/2022\/07\/intendentes4.jpg?w=1280 1280w\" data-sizes=\"(max-width: 640px) 100vw, 640px\" src=\"data:image\/svg+xml;base64,PHN2ZyB3aWR0aD0iMSIgaGVpZ2h0PSIxIiB4bWxucz0iaHR0cDovL3d3dy53My5vcmcvMjAwMC9zdmciPjwvc3ZnPg==\" style=\"--smush-placeholder-width: 640px; --smush-placeholder-aspect-ratio: 640\/426;\" \/><\/a><\/figure>\n\n\n\n<p>El Ministerio de Obras P\u00fablicas cuenta actualmente con una cartera vigente de 15 obras y proyectos en Pila por una inversi\u00f3n total de 1.044 millones de pesos, entre los que se destacan trabajos viales, de agua y saneamiento, infraestructura sanitaria y equipamiento urbano.<\/p>\n\n\n\n<p>Al t\u00e9rmino de la actividad, el mandatario particip\u00f3 de un almuerzo con los intendentes de la quinta secci\u00f3n electoral Jorge Paredi (Mar Chiquita), Carlos Rocha (General Guido), Javier Gast\u00f3n (Chascom\u00fas), Sebasti\u00e1n Ianantuony (General Alvarado), Juan Manuel \u00c1lvarez (General Paz), Francisco Echarren (Castelli), Fabi\u00e1n Blanstein (interino de Las Flores) y Alberto Gelen\u00e9 (Las Flores). Tambi\u00e9n participaron el administrador general de Vialidad Nacional, Gustavo Arrieta, y la diputada nacional Victoria Tolosa Paz.<\/p>\n","protected":false},"excerpt":{"rendered":"<p>El presidente Alberto Fern\u00e1ndez encabez\u00f3 esta ma\u00f1ana la inauguraci\u00f3n de las obras de pavimentaci\u00f3n de la Circunvalaci\u00f3n y el nuevo edificio de la unidad sanitaria del municipio bonaerense de Pila que beneficiar\u00e1 a los 6 mil habitantes de la comunidad, con una inversi\u00f3n total de 143 millones de pesos.<\/p>\n","protected":false},"author":2,"featured_media":42441,"comment_status":"open","ping_status":"open","sticky":false,"template":"","format":"standard","meta":{"om_disable_all_campaigns":false,"_monsterinsights_skip_tracking":false,"_monsterinsights_sitenote_active":false,"_monsterinsights_sitenote_note":"","_monsterinsights_sitenote_category":0,"_uf_show_specific_survey":0,"_uf_disable_surveys":false,"jetpack_post_was_ever_published":false,"_jetpack_newsletter_access":"","_jetpack_dont_email_post_to_subs":false,"_jetpack_newsletter_tier_id":0,"_jetpack_memberships_contains_paywalled_content":false,"_jetpack_memberships_contains_paid_content":false,"footnotes":"","jetpack_publicize_message":"","jetpack_publicize_feature_enabled":true,"jetpack_social_post_already_shared":false,"jetpack_social_options":{"image_generator_settings":{"template":"highway","default_image_id":0,"font":"","enabled":false},"version":2}},"categories":[18],"tags":[],"class_list":["post-42440","post","type-post","status-publish","format-standard","has-post-thumbnail","hentry","category-politica"],"aioseo_notices":[],"views":4,"jetpack_publicize_connections":[],"jetpack_featured_media_url":"https:\/\/i0.wp.com\/elterritorialweb.com.ar\/web\/wp-content\/uploads\/2022\/07\/intendentes.jpg?fit=1940%2C1293","jetpack_sharing_enabled":true,"_links":{"self":[{"href":"http:\/\/elterritorialweb.com.ar\/web\/wp-json\/wp\/v2\/posts\/42440","targetHints":{"allow":["GET"]}}],"collection":[{"href":"http:\/\/elterritorialweb.com.ar\/web\/wp-json\/wp\/v2\/posts"}],"about":[{"href":"http:\/\/elterritorialweb.com.ar\/web\/wp-json\/wp\/v2\/types\/post"}],"author":[{"embeddable":true,"href":"http:\/\/elterritorialweb.com.ar\/web\/wp-json\/wp\/v2\/users\/2"}],"replies":[{"embeddable":true,"href":"http:\/\/elterritorialweb.com.ar\/web\/wp-json\/wp\/v2\/comments?post=42440"}],"version-history":[{"count":2,"href":"http:\/\/elterritorialweb.com.ar\/web\/wp-json\/wp\/v2\/posts\/42440\/revisions"}],"predecessor-version":[{"id":42446,"href":"http:\/\/elterritorialweb.com.ar\/web\/wp-json\/wp\/v2\/posts\/42440\/revisions\/42446"}],"wp:featuredmedia":[{"embeddable":true,"href":"http:\/\/elterritorialweb.com.ar\/web\/wp-json\/wp\/v2\/media\/42441"}],"wp:attachment":[{"href":"http:\/\/elterritorialweb.com.ar\/web\/wp-json\/wp\/v2\/media?parent=42440"}],"wp:term":[{"taxonomy":"category","embeddable":true,"href":"http:\/\/elterritorialweb.com.ar\/web\/wp-json\/wp\/v2\/categories?post=42440"},{"taxonomy":"post_tag","embeddable":true,"href":"http:\/\/elterritorialweb.com.ar\/web\/wp-json\/wp\/v2\/tags?post=42440"}],"curies":[{"name":"wp","href":"https:\/\/api.w.org\/{rel}","templated":true}]}}