{"id":42522,"date":"2022-07-20T20:12:10","date_gmt":"2022-07-20T20:12:10","guid":{"rendered":"http:\/\/elterritorialweb.com.ar\/web\/?p=42522"},"modified":"2022-07-20T20:12:10","modified_gmt":"2022-07-20T20:12:10","slug":"con-un-renzi-repleto-se-lanzo-el-programa-el-municipio-en-tus-vacaciones","status":"publish","type":"post","link":"http:\/\/elterritorialweb.com.ar\/web\/con-un-renzi-repleto-se-lanzo-el-programa-el-municipio-en-tus-vacaciones\/","title":{"rendered":"CON UN RENZI REPLETO SE LANZ\u00d3 EL PROGRAMA \u00abEL MUNICIPIO EN TUS VACACIONES\u00bb"},"content":{"rendered":"\n<p>El pasado martes, Autoridades Municipales brindaron un informe sobre las actividades que forman parte del programa \u00abEl Municipio en Tus Vacaciones\u00bb, que cuenta con variadas propuestas impulsadas por el intendente Roger Nediani.<br>Diferentes \u00e1reas de la Secretar\u00eda de Desarrollo Humano junto con la Subsecretaria de Educaci\u00f3n y Cultura coordinar\u00e1n el programa y pondr\u00e1n a disposici\u00f3n de la comunidad actividades recreativas gratuitas para ni\u00f1os y adolescentes.<br>Entre las actividades se destaca las funciones gratuitas del Cine Teatro Renzi para ni\u00f1os de toda la ciudad que comenzar\u00e1n a proyectarse hasta el s\u00e1bado 30 de julio, a partir de las 9.<br>La Direcci\u00f3n de Juntas Vecinales ser\u00e1 la encargada de coordinar las invitaciones con las juntas vecinales, comedores y merenderos de toda la ciudad para que los peque\u00f1os puedan asistir y disfrutar de un grato momento.<br>Por su parte, la Direcci\u00f3n de Juventud se encuentra desarrollando en el marco del Mes de la Amistad, los Juegos Ol\u00edmpicos Municipales, donde participan alumnos de colegios secundarios de La Banda.<\/p>\n","protected":false},"excerpt":{"rendered":"<p>En la jornada del mi\u00e9rcoles, el Cine Teatro Municipal Renzi colm\u00f3 sus instalaciones con peque\u00f1os de diferentes barrios de la ciudad de La Banda con el Programa \u201cEl Municipio en tus Vacaciones\u201d, que disfrutaron de una funci\u00f3n gratuita de la pel\u00edcula \u201cMinios: Nace un Villano\u201d.<\/p>\n","protected":false},"author":2,"featured_media":42523,"comment_status":"open","ping_status":"open","sticky":false,"template":"","format":"standard","meta":{"om_disable_all_campaigns":false,"_monsterinsights_skip_tracking":false,"_monsterinsights_sitenote_active":false,"_monsterinsights_sitenote_note":"","_monsterinsights_sitenote_category":0,"_uf_show_specific_survey":0,"_uf_disable_surveys":false,"jetpack_post_was_ever_published":false,"_jetpack_newsletter_access":"","_jetpack_dont_email_post_to_subs":false,"_jetpack_newsletter_tier_id":0,"_jetpack_memberships_contains_paywalled_content":false,"_jetpack_memberships_contains_paid_content":false,"footnotes":"","jetpack_publicize_message":"","jetpack_publicize_feature_enabled":true,"jetpack_social_post_already_shared":false,"jetpack_social_options":{"image_generator_settings":{"template":"highway","default_image_id":0,"font":"","enabled":false},"version":2}},"categories":[20],"tags":[],"class_list":["post-42522","post","type-post","status-publish","format-standard","has-post-thumbnail","hentry","category-especysociales"],"aioseo_notices":[],"views":12,"jetpack_publicize_connections":[],"jetpack_featured_media_url":"https:\/\/i0.wp.com\/elterritorialweb.com.ar\/web\/wp-content\/uploads\/2022\/07\/WhatsApp-Image-2022-07-20-at-8.26.37-PM.jpeg?fit=1600%2C1057","jetpack_sharing_enabled":true,"_links":{"self":[{"href":"http:\/\/elterritorialweb.com.ar\/web\/wp-json\/wp\/v2\/posts\/42522","targetHints":{"allow":["GET"]}}],"collection":[{"href":"http:\/\/elterritorialweb.com.ar\/web\/wp-json\/wp\/v2\/posts"}],"about":[{"href":"http:\/\/elterritorialweb.com.ar\/web\/wp-json\/wp\/v2\/types\/post"}],"author":[{"embeddable":true,"href":"http:\/\/elterritorialweb.com.ar\/web\/wp-json\/wp\/v2\/users\/2"}],"replies":[{"embeddable":true,"href":"http:\/\/elterritorialweb.com.ar\/web\/wp-json\/wp\/v2\/comments?post=42522"}],"version-history":[{"count":1,"href":"http:\/\/elterritorialweb.com.ar\/web\/wp-json\/wp\/v2\/posts\/42522\/revisions"}],"predecessor-version":[{"id":42524,"href":"http:\/\/elterritorialweb.com.ar\/web\/wp-json\/wp\/v2\/posts\/42522\/revisions\/42524"}],"wp:featuredmedia":[{"embeddable":true,"href":"http:\/\/elterritorialweb.com.ar\/web\/wp-json\/wp\/v2\/media\/42523"}],"wp:attachment":[{"href":"http:\/\/elterritorialweb.com.ar\/web\/wp-json\/wp\/v2\/media?parent=42522"}],"wp:term":[{"taxonomy":"category","embeddable":true,"href":"http:\/\/elterritorialweb.com.ar\/web\/wp-json\/wp\/v2\/categories?post=42522"},{"taxonomy":"post_tag","embeddable":true,"href":"http:\/\/elterritorialweb.com.ar\/web\/wp-json\/wp\/v2\/tags?post=42522"}],"curies":[{"name":"wp","href":"https:\/\/api.w.org\/{rel}","templated":true}]}}