{"id":42532,"date":"2022-07-21T13:42:42","date_gmt":"2022-07-21T13:42:42","guid":{"rendered":"http:\/\/elterritorialweb.com.ar\/web\/?p=42532"},"modified":"2022-07-21T13:42:43","modified_gmt":"2022-07-21T13:42:43","slug":"fuentes-lanzo-las-7-olimpiadas-de-los-trabajadores-municipales","status":"publish","type":"post","link":"http:\/\/elterritorialweb.com.ar\/web\/fuentes-lanzo-las-7-olimpiadas-de-los-trabajadores-municipales\/","title":{"rendered":"FUENTES LANZ\u00d3 LAS 7\u00b0 OLIMPIADAS DE LOS TRABAJADORES MUNICIPALES"},"content":{"rendered":"\n<p>Con el puntapi\u00e9 inicial, la jefa comunal dio apertura a las competencias en las disciplinas de f\u00fatbol, b\u00e1squetbol, cestoball, v\u00f3ley y truco que se desarrollar\u00e1n hasta el mes de octubre pr\u00f3ximo y que tendr\u00e1 como protagonistas a empleados y obreros municipales de todas las dependencias.<\/p>\n\n\n\n<p>En el lugar, estuvo acompa\u00f1ada por el Secretario de Deportes de la Provincia, Prof. Carlos Dapello; el Presidente del Concejo Deliberante, Humberto Santill\u00e1n; la Secretaria de Coordinaci\u00f3n de Gabinete, Alejandra Yoshitake; el Secretario de Gobierno, N\u00e9stor Machado y el Director de Salud, Antonio Palomo, adem\u00e1s de representantes de la Defensor\u00eda del Pueblo de la ciudad y de la Direcci\u00f3n de Deportes Municipal.<\/p>\n\n\n\n<p>\u201cQuiero decirles que, para m\u00ed es muy grato ver a esta enorme familia municipal unida por el deporte, que es una pol\u00edtica que nos permite unirnos, trabajar y competir sanamente\u201d, destac\u00f3 la Intendente.<\/p>\n\n\n\n<p>Dijo sentirse contenta y satisfecha porque en dos a\u00f1os de pandemia, los trabajadores municipales fueron quienes realizaron un aporte importante, y eso habla de un compromiso con la sociedad.<\/p>\n\n\n\n<p>Por \u00faltimo, felicit\u00f3 a los organizadores por promover el deporte que implica una mejor calidad de vida y en espacios como el Parque Sur que forman parte de los lugares emblem\u00e1ticos de la ciudad.<\/p>\n","protected":false},"excerpt":{"rendered":"<p>La Intendente Ing. Norma Fuentes realiz\u00f3 el lanzamiento oficial de las 7\u00aa Olimp\u00edadas de Trabajadores Municipales organizadas por el Gremio de Simusa en las instalaciones del Parque Sur \u201cMario Bonacina\u201d.<\/p>\n","protected":false},"author":2,"featured_media":42533,"comment_status":"open","ping_status":"open","sticky":false,"template":"","format":"standard","meta":{"om_disable_all_campaigns":false,"_monsterinsights_skip_tracking":false,"_monsterinsights_sitenote_active":false,"_monsterinsights_sitenote_note":"","_monsterinsights_sitenote_category":0,"_uf_show_specific_survey":0,"_uf_disable_surveys":false,"jetpack_post_was_ever_published":false,"_jetpack_newsletter_access":"","_jetpack_dont_email_post_to_subs":false,"_jetpack_newsletter_tier_id":0,"_jetpack_memberships_contains_paywalled_content":false,"_jetpack_memberships_contains_paid_content":false,"footnotes":"","jetpack_publicize_message":"","jetpack_publicize_feature_enabled":true,"jetpack_social_post_already_shared":false,"jetpack_social_options":{"image_generator_settings":{"template":"highway","default_image_id":0,"font":"","enabled":false},"version":2}},"categories":[21],"tags":[],"class_list":["post-42532","post","type-post","status-publish","format-standard","has-post-thumbnail","hentry","category-locales"],"aioseo_notices":[],"views":8,"jetpack_publicize_connections":[],"jetpack_featured_media_url":"https:\/\/i0.wp.com\/elterritorialweb.com.ar\/web\/wp-content\/uploads\/2022\/07\/fuentes-olimpiadas.jpeg?fit=1600%2C1066","jetpack_sharing_enabled":true,"_links":{"self":[{"href":"http:\/\/elterritorialweb.com.ar\/web\/wp-json\/wp\/v2\/posts\/42532","targetHints":{"allow":["GET"]}}],"collection":[{"href":"http:\/\/elterritorialweb.com.ar\/web\/wp-json\/wp\/v2\/posts"}],"about":[{"href":"http:\/\/elterritorialweb.com.ar\/web\/wp-json\/wp\/v2\/types\/post"}],"author":[{"embeddable":true,"href":"http:\/\/elterritorialweb.com.ar\/web\/wp-json\/wp\/v2\/users\/2"}],"replies":[{"embeddable":true,"href":"http:\/\/elterritorialweb.com.ar\/web\/wp-json\/wp\/v2\/comments?post=42532"}],"version-history":[{"count":1,"href":"http:\/\/elterritorialweb.com.ar\/web\/wp-json\/wp\/v2\/posts\/42532\/revisions"}],"predecessor-version":[{"id":42534,"href":"http:\/\/elterritorialweb.com.ar\/web\/wp-json\/wp\/v2\/posts\/42532\/revisions\/42534"}],"wp:featuredmedia":[{"embeddable":true,"href":"http:\/\/elterritorialweb.com.ar\/web\/wp-json\/wp\/v2\/media\/42533"}],"wp:attachment":[{"href":"http:\/\/elterritorialweb.com.ar\/web\/wp-json\/wp\/v2\/media?parent=42532"}],"wp:term":[{"taxonomy":"category","embeddable":true,"href":"http:\/\/elterritorialweb.com.ar\/web\/wp-json\/wp\/v2\/categories?post=42532"},{"taxonomy":"post_tag","embeddable":true,"href":"http:\/\/elterritorialweb.com.ar\/web\/wp-json\/wp\/v2\/tags?post=42532"}],"curies":[{"name":"wp","href":"https:\/\/api.w.org\/{rel}","templated":true}]}}