{"id":42535,"date":"2022-07-21T13:53:59","date_gmt":"2022-07-21T13:53:59","guid":{"rendered":"http:\/\/elterritorialweb.com.ar\/web\/?p=42535"},"modified":"2022-07-21T13:54:00","modified_gmt":"2022-07-21T13:54:00","slug":"zamora-realizo-la-presentacion-oficial-de-la-expo-smart-city-santiago-del-estero-desde-la-madre-de-ciudades","status":"publish","type":"post","link":"http:\/\/elterritorialweb.com.ar\/web\/zamora-realizo-la-presentacion-oficial-de-la-expo-smart-city-santiago-del-estero-desde-la-madre-de-ciudades\/","title":{"rendered":"ZAMORA REALIZ\u00d3 LA PRESENTACI\u00d3N OFICIAL DE LA EXPO SMART CITY SANTIAGO DEL ESTERO DESDE LA MADRE DE CIUDADES"},"content":{"rendered":"\n<p>El acto se realiz\u00f3 en el s\u00e9ptimo piso del Complejo \u00abJuan Felipe Ibarra\u00bb, donde tambi\u00e9n estuvieron las ministras de Justicia, Matilde O\u2019Mill, y de Educaci\u00f3n, Mariela Nassif. Adem\u00e1s del secretario de la Representaci\u00f3n Oficial de la Provincia en Buenos Aires, Bernardo Abruzzese; el secretario de Ciencia y Tecnolog\u00eda, Adri\u00e1n Su\u00e1rez; el subsecretario de Turismo, Nelson Bravo, y Ra\u00fal Ola, gerente general Ciid (Conocimiento, Investigaci\u00f3n, Innovaci\u00f3n y Desarrollo).<\/p>\n\n\n\n<p>El objetivo de esta expo es posicionar a las ciudades como inteligentes, sustentables, resilientes, orientadas a la ciudadan\u00eda como protagonista. Tambi\u00e9n busca generar una instancia de aprendizaje a trav\u00e9s del intercambio de experiencias exitosas con expertos globales y funcionarios internacionales de primera l\u00ednea.<\/p>\n\n\n\n<p>Se estima que contar\u00e1 con alrededor de 5 mil asistentes, 100 oradores, m\u00e1s de 60 empresas y 25 paneles que intercambiar\u00e1n experiencias sobre c\u00f3mo hacer que las comunidades sean m\u00e1s sustentables.<\/p>\n\n\n\n<figure class=\"wp-block-image size-large\"><a href=\"https:\/\/i0.wp.com\/elterritorialweb.com.ar\/web\/wp-content\/uploads\/2022\/07\/expo1.jpg\"><img data-recalc-dims=\"1\" decoding=\"async\" width=\"640\" height=\"427\" data-src=\"https:\/\/i0.wp.com\/elterritorialweb.com.ar\/web\/wp-content\/uploads\/2022\/07\/expo1.jpg?resize=640%2C427\" alt=\"\" class=\"wp-image-42537 lazyload\" data-srcset=\"https:\/\/i0.wp.com\/elterritorialweb.com.ar\/web\/wp-content\/uploads\/2022\/07\/expo1.jpg?resize=1024%2C683 1024w, https:\/\/i0.wp.com\/elterritorialweb.com.ar\/web\/wp-content\/uploads\/2022\/07\/expo1.jpg?resize=300%2C200 300w, https:\/\/i0.wp.com\/elterritorialweb.com.ar\/web\/wp-content\/uploads\/2022\/07\/expo1.jpg?resize=768%2C512 768w, https:\/\/i0.wp.com\/elterritorialweb.com.ar\/web\/wp-content\/uploads\/2022\/07\/expo1.jpg?resize=1536%2C1025 1536w, https:\/\/i0.wp.com\/elterritorialweb.com.ar\/web\/wp-content\/uploads\/2022\/07\/expo1.jpg?resize=2048%2C1367 2048w, https:\/\/i0.wp.com\/elterritorialweb.com.ar\/web\/wp-content\/uploads\/2022\/07\/expo1.jpg?w=1280 1280w, https:\/\/i0.wp.com\/elterritorialweb.com.ar\/web\/wp-content\/uploads\/2022\/07\/expo1.jpg?w=1920 1920w\" data-sizes=\"(max-width: 640px) 100vw, 640px\" src=\"data:image\/svg+xml;base64,PHN2ZyB3aWR0aD0iMSIgaGVpZ2h0PSIxIiB4bWxucz0iaHR0cDovL3d3dy53My5vcmcvMjAwMC9zdmciPjwvc3ZnPg==\" style=\"--smush-placeholder-width: 640px; --smush-placeholder-aspect-ratio: 640\/427;\" \/><\/a><\/figure>\n\n\n\n<p>En este marco, Zamora destac\u00f3 que la presentaci\u00f3n se haya realizado en el primer edificio p\u00fablico del pa\u00eds calificado con Normas Leads, en el a\u00f1o 2015, y agreg\u00f3 que todas las acciones que se ejecutan en su gesti\u00f3n son en tres planos: \u201cSolucionar los problemas del pasado, atender las urgencias del presente y definir pautas hacia el futuro, planificando y desarrollando estrat\u00e9gicamente, y ninguno tiene que ser postergado\u201d.<\/p>\n\n\n\n<p>Adem\u00e1s, asegur\u00f3 que esta exposici\u00f3n implica un desaf\u00edo muy importante: \u201cDemostrar lo que hemos hecho hasta aqu\u00ed, aprovechar a quienes expongan -empresas, universidades, expresiones innovadoras y cient\u00edficas- para generar esa posibilidad que nos permita desarrollarnos\u201d.<\/p>\n\n\n\n<p>Finalmente agradeci\u00f3 a Fira Barcelona, organizador del evento, por traer a la provincia \u201cesta feria tan importante de nivel internacional que surge de esa maravillosa ciudad espa\u00f1ola que se multiplica por el mundo, por su car\u00e1cter inspirador a la hora de mostrar ese futuro que queremos construir\u201d.<\/p>\n\n\n\n<p>\u201cDesde el Norte Argentino queremos agradecer y convocar a todos a la Smart City Expo Santiago que nos permitir\u00e1 mostrar lo que somos, lo que hemos sido y lo que queremos ser\u201d, concluy\u00f3.<\/p>\n\n\n\n<p>Por su parte, Fuentes celebr\u00f3 este acontecimiento que \u2013seg\u00fan resalt\u00f3- \u201ces una evidencia de lo que se quiere lograr en la ciudad para avanzar en una mejor calidad de vida de todos los ciudadanos\u201d.<\/p>\n\n\n\n<p>\u201cQueremos un lugar donde el ciudadano sea el eje de toda ciudad inteligente, y se tiene que sentir part\u00edcipe de los avances porque venimos concretando acciones para que todos puedan estar conectados y se generen oportunidades\u201d, manifest\u00f3.<\/p>\n\n\n\n<figure class=\"wp-block-image size-large\"><a href=\"https:\/\/i0.wp.com\/elterritorialweb.com.ar\/web\/wp-content\/uploads\/2022\/07\/expo2.jpg\"><img data-recalc-dims=\"1\" decoding=\"async\" width=\"640\" height=\"427\" data-src=\"https:\/\/i0.wp.com\/elterritorialweb.com.ar\/web\/wp-content\/uploads\/2022\/07\/expo2.jpg?resize=640%2C427\" alt=\"\" class=\"wp-image-42538 lazyload\" data-srcset=\"https:\/\/i0.wp.com\/elterritorialweb.com.ar\/web\/wp-content\/uploads\/2022\/07\/expo2.jpg?resize=1024%2C683 1024w, https:\/\/i0.wp.com\/elterritorialweb.com.ar\/web\/wp-content\/uploads\/2022\/07\/expo2.jpg?resize=300%2C200 300w, https:\/\/i0.wp.com\/elterritorialweb.com.ar\/web\/wp-content\/uploads\/2022\/07\/expo2.jpg?resize=768%2C512 768w, https:\/\/i0.wp.com\/elterritorialweb.com.ar\/web\/wp-content\/uploads\/2022\/07\/expo2.jpg?resize=1536%2C1025 1536w, https:\/\/i0.wp.com\/elterritorialweb.com.ar\/web\/wp-content\/uploads\/2022\/07\/expo2.jpg?resize=2048%2C1367 2048w, https:\/\/i0.wp.com\/elterritorialweb.com.ar\/web\/wp-content\/uploads\/2022\/07\/expo2.jpg?w=1280 1280w, https:\/\/i0.wp.com\/elterritorialweb.com.ar\/web\/wp-content\/uploads\/2022\/07\/expo2.jpg?w=1920 1920w\" data-sizes=\"(max-width: 640px) 100vw, 640px\" src=\"data:image\/svg+xml;base64,PHN2ZyB3aWR0aD0iMSIgaGVpZ2h0PSIxIiB4bWxucz0iaHR0cDovL3d3dy53My5vcmcvMjAwMC9zdmciPjwvc3ZnPg==\" style=\"--smush-placeholder-width: 640px; --smush-placeholder-aspect-ratio: 640\/427;\" \/><\/a><\/figure>\n\n\n\n<p>En este contexto, Zapatero expres\u00f3 que desde el a\u00f1o 2011 se viene celebrado Smart City Expo World Congress, un evento exitoso que se desarrolla en lugares que han demostrado una sensibilidad particular como \u201cciudades inteligentes y con desarrollo sostenible\u201d.&nbsp;<\/p>\n\n\n\n<p>Al concluir destac\u00f3: \u201cEsta expo se realiz\u00f3 tambi\u00e9n en Brasil, Qatar, M\u00e9xico; en septiembre se har\u00e1 en Miami, en octubre en Shangai&nbsp; y esa es la definici\u00f3n de la categor\u00eda de ciudades, y Santiago del Estero entra en esas ciudades que hacen que los ciudadanos vivan mejor y que el desarrollo sea sostenible\u201d.<\/p>\n\n\n\n<p><strong>\u00a0<\/strong><\/p>\n","protected":false},"excerpt":{"rendered":"<p>El gobernador Gerardo Zamora, acompa\u00f1ado por la intendenta de la Capital, Norma Fuentes, y en conexi\u00f3n virtual desde Espa\u00f1a con Ricard Zapatero, Ceo de Fira Barcelona, realiz\u00f3 este mi\u00e9rcoles por la tarde la presentaci\u00f3n oficial de la Smart City Expo Santiago del Estero, que se desarrollar\u00e1 en el Nodo Tecnol\u00f3gico los d\u00edas 12, 13 y 14 de octubre.<\/p>\n","protected":false},"author":2,"featured_media":42536,"comment_status":"open","ping_status":"open","sticky":false,"template":"","format":"standard","meta":{"om_disable_all_campaigns":false,"_monsterinsights_skip_tracking":false,"_monsterinsights_sitenote_active":false,"_monsterinsights_sitenote_note":"","_monsterinsights_sitenote_category":0,"_uf_show_specific_survey":0,"_uf_disable_surveys":false,"jetpack_post_was_ever_published":false,"_jetpack_newsletter_access":"","_jetpack_dont_email_post_to_subs":false,"_jetpack_newsletter_tier_id":0,"_jetpack_memberships_contains_paywalled_content":false,"_jetpack_memberships_contains_paid_content":false,"footnotes":"","jetpack_publicize_message":"","jetpack_publicize_feature_enabled":true,"jetpack_social_post_already_shared":false,"jetpack_social_options":{"image_generator_settings":{"template":"highway","default_image_id":0,"font":"","enabled":false},"version":2}},"categories":[21],"tags":[],"class_list":["post-42535","post","type-post","status-publish","format-standard","has-post-thumbnail","hentry","category-locales"],"aioseo_notices":[],"views":6,"jetpack_publicize_connections":[],"jetpack_featured_media_url":"https:\/\/i0.wp.com\/elterritorialweb.com.ar\/web\/wp-content\/uploads\/2022\/07\/expo-.jpg?fit=2248%2C1500","jetpack_sharing_enabled":true,"_links":{"self":[{"href":"http:\/\/elterritorialweb.com.ar\/web\/wp-json\/wp\/v2\/posts\/42535","targetHints":{"allow":["GET"]}}],"collection":[{"href":"http:\/\/elterritorialweb.com.ar\/web\/wp-json\/wp\/v2\/posts"}],"about":[{"href":"http:\/\/elterritorialweb.com.ar\/web\/wp-json\/wp\/v2\/types\/post"}],"author":[{"embeddable":true,"href":"http:\/\/elterritorialweb.com.ar\/web\/wp-json\/wp\/v2\/users\/2"}],"replies":[{"embeddable":true,"href":"http:\/\/elterritorialweb.com.ar\/web\/wp-json\/wp\/v2\/comments?post=42535"}],"version-history":[{"count":1,"href":"http:\/\/elterritorialweb.com.ar\/web\/wp-json\/wp\/v2\/posts\/42535\/revisions"}],"predecessor-version":[{"id":42539,"href":"http:\/\/elterritorialweb.com.ar\/web\/wp-json\/wp\/v2\/posts\/42535\/revisions\/42539"}],"wp:featuredmedia":[{"embeddable":true,"href":"http:\/\/elterritorialweb.com.ar\/web\/wp-json\/wp\/v2\/media\/42536"}],"wp:attachment":[{"href":"http:\/\/elterritorialweb.com.ar\/web\/wp-json\/wp\/v2\/media?parent=42535"}],"wp:term":[{"taxonomy":"category","embeddable":true,"href":"http:\/\/elterritorialweb.com.ar\/web\/wp-json\/wp\/v2\/categories?post=42535"},{"taxonomy":"post_tag","embeddable":true,"href":"http:\/\/elterritorialweb.com.ar\/web\/wp-json\/wp\/v2\/tags?post=42535"}],"curies":[{"name":"wp","href":"https:\/\/api.w.org\/{rel}","templated":true}]}}