{"id":42540,"date":"2022-07-21T14:07:50","date_gmt":"2022-07-21T14:07:50","guid":{"rendered":"http:\/\/elterritorialweb.com.ar\/web\/?p=42540"},"modified":"2022-07-21T14:07:50","modified_gmt":"2022-07-21T14:07:50","slug":"las-mejores-golfistas-del-pais-compitieron-en-las-termas","status":"publish","type":"post","link":"http:\/\/elterritorialweb.com.ar\/web\/las-mejores-golfistas-del-pais-compitieron-en-las-termas\/","title":{"rendered":"LAS MEJORES GOLFISTAS DEL PA\u00cdS COMPITIERON EN LAS TERMAS"},"content":{"rendered":"\n<p>En un d\u00eda de clima agradable en el principal centro tur\u00edstico de la provincia, ideal para la competencia, la mejor clasificada en la categor\u00eda Mid Amateur fue Luisina Lorenzo, del Santiago del Estero Golf Club.<\/p>\n\n\n\n<p>En Pre Senior, Elizabeth Navarro del Termas de R\u00edo Hondo fue la que obtuvo mejor puntuaci\u00f3n.<\/p>\n\n\n\n<p>Mientras que en Senior, Viviana Aichini, del San Pablo Country Life &amp; Golf fue quien encabez\u00f3 la tabla de posiciones con un total de 40 competidoras en esa categor\u00eda.<\/p>\n\n\n\n<figure class=\"wp-block-image size-large\"><a href=\"https:\/\/i0.wp.com\/elterritorialweb.com.ar\/web\/wp-content\/uploads\/2022\/07\/golf-1.jpeg\"><img data-recalc-dims=\"1\" decoding=\"async\" width=\"640\" height=\"694\" data-src=\"https:\/\/i0.wp.com\/elterritorialweb.com.ar\/web\/wp-content\/uploads\/2022\/07\/golf-1.jpeg?resize=640%2C694\" alt=\"\" class=\"wp-image-42543 lazyload\" data-srcset=\"https:\/\/i0.wp.com\/elterritorialweb.com.ar\/web\/wp-content\/uploads\/2022\/07\/golf-1.jpeg?resize=944%2C1024 944w, https:\/\/i0.wp.com\/elterritorialweb.com.ar\/web\/wp-content\/uploads\/2022\/07\/golf-1.jpeg?resize=277%2C300 277w, https:\/\/i0.wp.com\/elterritorialweb.com.ar\/web\/wp-content\/uploads\/2022\/07\/golf-1.jpeg?resize=768%2C833 768w, https:\/\/i0.wp.com\/elterritorialweb.com.ar\/web\/wp-content\/uploads\/2022\/07\/golf-1.jpeg?w=954 954w\" data-sizes=\"(max-width: 640px) 100vw, 640px\" src=\"data:image\/svg+xml;base64,PHN2ZyB3aWR0aD0iMSIgaGVpZ2h0PSIxIiB4bWxucz0iaHR0cDovL3d3dy53My5vcmcvMjAwMC9zdmciPjwvc3ZnPg==\" style=\"--smush-placeholder-width: 640px; --smush-placeholder-aspect-ratio: 640\/694;\" \/><\/a><\/figure>\n\n\n\n<p>El certamen nacional de golf forma parte del circuito 9 hoyos de damas y cuenta con el respaldo de la Asociaci\u00f3n Argentina de Golf.<\/p>\n\n\n\n<p>La entrega de premios estuvo a cargo del intendente de Las Termas, Jorge Mukdise, y del director del Termas Golf Club, Juan Manuel Pereyra.<\/p>\n","protected":false},"excerpt":{"rendered":"<p>El Termas de R\u00edo Hondo Golf Club vivi\u00f3 este mi\u00e9rcoles una jornada apasionante, con la final de la und\u00e9cima fecha del Ladies 9 Tour, que convoc\u00f3 a medio centenar de jugadoras de primer nivel de Santiago del Estero, Tucum\u00e1n, Buenos Aires y tambi\u00e9n de Corea.<\/p>\n","protected":false},"author":2,"featured_media":42542,"comment_status":"open","ping_status":"open","sticky":false,"template":"","format":"standard","meta":{"om_disable_all_campaigns":false,"_monsterinsights_skip_tracking":false,"_monsterinsights_sitenote_active":false,"_monsterinsights_sitenote_note":"","_monsterinsights_sitenote_category":0,"_uf_show_specific_survey":0,"_uf_disable_surveys":false,"jetpack_post_was_ever_published":false,"_jetpack_newsletter_access":"","_jetpack_dont_email_post_to_subs":false,"_jetpack_newsletter_tier_id":0,"_jetpack_memberships_contains_paywalled_content":false,"_jetpack_memberships_contains_paid_content":false,"footnotes":"","jetpack_publicize_message":"","jetpack_publicize_feature_enabled":true,"jetpack_social_post_already_shared":false,"jetpack_social_options":{"image_generator_settings":{"template":"highway","default_image_id":0,"font":"","enabled":false},"version":2}},"categories":[6],"tags":[],"class_list":["post-42540","post","type-post","status-publish","format-standard","has-post-thumbnail","hentry","category-deportes"],"aioseo_notices":[],"views":5,"jetpack_publicize_connections":[],"jetpack_featured_media_url":"https:\/\/i0.wp.com\/elterritorialweb.com.ar\/web\/wp-content\/uploads\/2022\/07\/ladies-.jpeg?fit=1498%2C925","jetpack_sharing_enabled":true,"_links":{"self":[{"href":"http:\/\/elterritorialweb.com.ar\/web\/wp-json\/wp\/v2\/posts\/42540","targetHints":{"allow":["GET"]}}],"collection":[{"href":"http:\/\/elterritorialweb.com.ar\/web\/wp-json\/wp\/v2\/posts"}],"about":[{"href":"http:\/\/elterritorialweb.com.ar\/web\/wp-json\/wp\/v2\/types\/post"}],"author":[{"embeddable":true,"href":"http:\/\/elterritorialweb.com.ar\/web\/wp-json\/wp\/v2\/users\/2"}],"replies":[{"embeddable":true,"href":"http:\/\/elterritorialweb.com.ar\/web\/wp-json\/wp\/v2\/comments?post=42540"}],"version-history":[{"count":1,"href":"http:\/\/elterritorialweb.com.ar\/web\/wp-json\/wp\/v2\/posts\/42540\/revisions"}],"predecessor-version":[{"id":42544,"href":"http:\/\/elterritorialweb.com.ar\/web\/wp-json\/wp\/v2\/posts\/42540\/revisions\/42544"}],"wp:featuredmedia":[{"embeddable":true,"href":"http:\/\/elterritorialweb.com.ar\/web\/wp-json\/wp\/v2\/media\/42542"}],"wp:attachment":[{"href":"http:\/\/elterritorialweb.com.ar\/web\/wp-json\/wp\/v2\/media?parent=42540"}],"wp:term":[{"taxonomy":"category","embeddable":true,"href":"http:\/\/elterritorialweb.com.ar\/web\/wp-json\/wp\/v2\/categories?post=42540"},{"taxonomy":"post_tag","embeddable":true,"href":"http:\/\/elterritorialweb.com.ar\/web\/wp-json\/wp\/v2\/tags?post=42540"}],"curies":[{"name":"wp","href":"https:\/\/api.w.org\/{rel}","templated":true}]}}