{"id":42545,"date":"2022-07-21T14:17:22","date_gmt":"2022-07-21T14:17:22","guid":{"rendered":"http:\/\/elterritorialweb.com.ar\/web\/?p=42545"},"modified":"2022-07-21T14:17:22","modified_gmt":"2022-07-21T14:17:22","slug":"multitudinaria-concurrencia-en-el-playon-del-estadio-por-el-dia-del-amigo","status":"publish","type":"post","link":"http:\/\/elterritorialweb.com.ar\/web\/multitudinaria-concurrencia-en-el-playon-del-estadio-por-el-dia-del-amigo\/","title":{"rendered":"MULTITUDINARIA CONCURRENCIA EN EL PLAYON DEL ESTADIO POR EL D\u00cdA DEL AMIGO"},"content":{"rendered":"\n<p>La Intendente Ing. Norma Fuentes, le dio la bienvenida a los miles de j\u00f3venes que presenciaron el show y les agradeci\u00f3 por formar parte de los festejos del ciudad.<\/p>\n\n\n\n<p>\u201cEsta fiesta es por ustedes y para ustedes, que lo disfruten\u00bb, expres\u00f3 la Intendente en un clima de algarab\u00eda.<\/p>\n\n\n\n<p>El Festival adem\u00e1s cont\u00f3 con la presentaci\u00f3n de grupos, solistas y DJs locales, que desde las horas de la siesta dieron sus espect\u00e1culos ante la masiva concurrencia.<\/p>\n\n\n\n<p>Mar\u00eda Becerra fue la encargada de cerrar el encuentro con un show que mantuvo el entusiasmo de los miles de adolescentes y j\u00f3venes que se convocaron en el play\u00f3n del Estado \u00danico Madre de Ciudades.<\/p>\n","protected":false},"excerpt":{"rendered":"<p>Ante una multitud, que colm\u00f3 el play\u00f3n del Estadio \u00danico, la cantante Mar\u00eda Becerra se present\u00f3 ante los santiague\u00f1os en el Festival D\u00eda  del Amigo organizado por la Municipalidad de la Capital, y se convirti\u00f3 as\u00ed, en uno de los espect\u00e1culos musicales m\u00e1s destacados con el que la \u201cMadre de ciudades\u201d celebra un nuevo aniversario.<\/p>\n","protected":false},"author":2,"featured_media":42546,"comment_status":"open","ping_status":"open","sticky":false,"template":"","format":"standard","meta":{"om_disable_all_campaigns":false,"_monsterinsights_skip_tracking":false,"_monsterinsights_sitenote_active":false,"_monsterinsights_sitenote_note":"","_monsterinsights_sitenote_category":0,"_uf_show_specific_survey":0,"_uf_disable_surveys":false,"jetpack_post_was_ever_published":false,"_jetpack_newsletter_access":"","_jetpack_dont_email_post_to_subs":false,"_jetpack_newsletter_tier_id":0,"_jetpack_memberships_contains_paywalled_content":false,"_jetpack_memberships_contains_paid_content":false,"footnotes":"","jetpack_publicize_message":"","jetpack_publicize_feature_enabled":true,"jetpack_social_post_already_shared":false,"jetpack_social_options":{"image_generator_settings":{"template":"highway","default_image_id":0,"font":"","enabled":false},"version":2}},"categories":[21],"tags":[],"class_list":["post-42545","post","type-post","status-publish","format-standard","has-post-thumbnail","hentry","category-locales"],"aioseo_notices":[],"views":9,"jetpack_publicize_connections":[],"jetpack_featured_media_url":"https:\/\/i0.wp.com\/elterritorialweb.com.ar\/web\/wp-content\/uploads\/2022\/07\/becerra-1-scaled.jpg?fit=2560%2C1707","jetpack_sharing_enabled":true,"_links":{"self":[{"href":"http:\/\/elterritorialweb.com.ar\/web\/wp-json\/wp\/v2\/posts\/42545","targetHints":{"allow":["GET"]}}],"collection":[{"href":"http:\/\/elterritorialweb.com.ar\/web\/wp-json\/wp\/v2\/posts"}],"about":[{"href":"http:\/\/elterritorialweb.com.ar\/web\/wp-json\/wp\/v2\/types\/post"}],"author":[{"embeddable":true,"href":"http:\/\/elterritorialweb.com.ar\/web\/wp-json\/wp\/v2\/users\/2"}],"replies":[{"embeddable":true,"href":"http:\/\/elterritorialweb.com.ar\/web\/wp-json\/wp\/v2\/comments?post=42545"}],"version-history":[{"count":1,"href":"http:\/\/elterritorialweb.com.ar\/web\/wp-json\/wp\/v2\/posts\/42545\/revisions"}],"predecessor-version":[{"id":42547,"href":"http:\/\/elterritorialweb.com.ar\/web\/wp-json\/wp\/v2\/posts\/42545\/revisions\/42547"}],"wp:featuredmedia":[{"embeddable":true,"href":"http:\/\/elterritorialweb.com.ar\/web\/wp-json\/wp\/v2\/media\/42546"}],"wp:attachment":[{"href":"http:\/\/elterritorialweb.com.ar\/web\/wp-json\/wp\/v2\/media?parent=42545"}],"wp:term":[{"taxonomy":"category","embeddable":true,"href":"http:\/\/elterritorialweb.com.ar\/web\/wp-json\/wp\/v2\/categories?post=42545"},{"taxonomy":"post_tag","embeddable":true,"href":"http:\/\/elterritorialweb.com.ar\/web\/wp-json\/wp\/v2\/tags?post=42545"}],"curies":[{"name":"wp","href":"https:\/\/api.w.org\/{rel}","templated":true}]}}