{"id":42548,"date":"2022-07-21T14:32:38","date_gmt":"2022-07-21T14:32:38","guid":{"rendered":"http:\/\/elterritorialweb.com.ar\/web\/?p=42548"},"modified":"2022-07-21T14:32:38","modified_gmt":"2022-07-21T14:32:38","slug":"sosa-las-obras-del-aeropuerto-y-la-autopista-de-termas-son-fundamentales-para-el-turismo-internacional","status":"publish","type":"post","link":"http:\/\/elterritorialweb.com.ar\/web\/sosa-las-obras-del-aeropuerto-y-la-autopista-de-termas-son-fundamentales-para-el-turismo-internacional\/","title":{"rendered":"SOSA: \u00abLAS OBRAS DEL AEROPUERTO Y LA AUTOPISTA DE TERMAS SON FUNDAMENTALES PARA EL TURISMO INTERNACIONAL\u00bb"},"content":{"rendered":"\n<p><strong>Sosa<\/strong>&nbsp;a\u00f1adi\u00f3 que \u201c<em>las obras del aeropuerto termense mejorar\u00e1n notablemente su funcionalidad operativa, adem\u00e1s el servicio de pasajeros se jerarquizar\u00e1 para contar tambi\u00e9n con vuelos comerciales y regulares en el \u00e1mbito internacional, tenemos por delante un tiempo de trabajo para consolidar estas estrategias que l\u00f3gicamente insumir\u00e1n parte de este a\u00f1o pero sobre todo el 2023, de manera que lleguemos a los tiempos estipulados con m\u00e1s novedades beneficiosas en lo que, consideramos, ser\u00e1 una nueva etapa para el turismo santiague\u00f1o<\/em>\u201d.<\/p>\n\n\n\n<p>A\u00f1adi\u00f3 que adem\u00e1s de las obras en el aeropuerto termense, \u201c<em>a principios de esta semana el&nbsp;<strong>Gobernador Zamora firm\u00f3 el convenio para la obra de la nueva autopista<\/strong>&nbsp;que conectar\u00e1 a Santiago del Estero con Termas de R\u00edo Hondo, como parte de una mega obra que adem\u00e1s incluye otro tramo entre&nbsp;<strong>Termas y el l\u00edmite de Tucum\u00e1n y otro entre San Miguel de Tucum\u00e1n<\/strong>&nbsp;con el l\u00edmite provincial en el departamento Rio Hondo, vale decir entonces que tendremos una autopista de casi 170 kil\u00f3metros entre San Miguel de Tucum\u00e1n, Termas de R\u00edo Hondo y Santiago del Estero, estas obras que se suman a la nueva estaci\u00f3n terminal de \u00f3mnibus de la ciudad termal que ejecuta la Provincia conforman una plataforma de trabajo que consolidar\u00e1 a Termas en el turismo y posicionar\u00e1 a la ciudad Capital, agilizar\u00e1 los traslados, brindar\u00e1 mayor seguridad, conectar\u00e1n r\u00e1pidamente con vuelos y traslados terrestres, es todo un combo para beneficio del turismo santiague\u00f1o y esto es lo verdaderamente destacable<\/em>\u201d.<\/p>\n\n\n\n<p><strong>Sosa<\/strong>&nbsp;consider\u00f3 que la visi\u00f3n del Gobernador, Gerardo Zamora \u201c<em>va m\u00e1s all\u00e1 de la obra p\u00fablica en s\u00ed, est\u00e1 generando una nueva etapa que vamos a tener en la provincia, nosotros desde el&nbsp;<strong>Inprotur<\/strong>&nbsp;estamos trabajando coordinadamente en este sentido, mientras se confirman y pronto se inician estas obras, durante este primer semestre hemos concretado un importante plan de promoci\u00f3n que incluy\u00f3 presentaciones en&nbsp;<strong>seis ciudades de Brasil, en Colombia, Per\u00fa, Estados Unidos, Espa\u00f1a, Italia y Alemania, en el caso de Curitiba (Brasil) e Indian\u00e1polis (Estados Unidos)<\/strong>&nbsp;estuvimos acompa\u00f1ando al Gobernador, estamos trabajando en ese posicionamiento internacional de la provincia y durante el semestre que nos queda por delante tambi\u00e9n tenemos un calendario de actividades donde Santiago del Estero estar\u00e1 presente<\/em>\u201d.<\/p>\n\n\n\n<p>Detall\u00f3 que mientras las obras se realizan \u201c<em>en 2023 continuaremos fortaleciendo la promoci\u00f3n tur\u00edstica internacional, vamos a seguir internacionalizando los destinos y productos santiague\u00f1os, donde vamos a tener la participaci\u00f3n presencial del&nbsp;<strong>Museo del Autom\u00f3vil,<\/strong>&nbsp;el&nbsp;<strong>Termas de R\u00edo Hondo Golf Club<\/strong>, el&nbsp;<strong>aut\u00f3dromo termense<\/strong>&nbsp;y resaltaremos productos como la&nbsp;<strong>Marcha de los Bombos<\/strong>, el&nbsp;<strong>termalismo<\/strong>&nbsp;y eventos mundiales como el&nbsp;<strong>MotoGP<\/strong>. Tenemos un compromiso con la provincia y un dialogo constante con el Gobernador Zamora para instalar definitivamente a la provincia en el \u00e1mbito internacional, y el Gobierno Provincial est\u00e1 realizando un trabajo impecable en la estrategia de generar obra p\u00fablica que beneficia al turismo<\/em>\u201d.<\/p>\n","protected":false},"excerpt":{"rendered":"<p>El Secretario Ejecutivo del Inprotur, Ricardo Sosa, destac\u00f3 los recientes anuncios de firmas de convenios del Gobernador, Gerardo Zamora, para la ejecuci\u00f3n de la remodelaci\u00f3n y ampliaci\u00f3n del aeropuerto de Termas de R\u00edo Hondo y la nueva autopista que unir\u00e1 Santiago del Estero con la ciudad termal y consider\u00f3 que \u201cser\u00e1n fundamentales para el definitivo posicionamiento internacional de nuestra provincia y en especial de R\u00edo Hondo, estas obras generar\u00e1n una nueva etapa en el desarrollo del turismo y desde el Inprotur venimos trabajando coordinadamente posicionando a la provincia en diferentes pa\u00edses, en una estrategia que apunta a generar estas promociones paralelamente a estas obras de infraestructura que facilitar\u00e1n y mejorar\u00e1n la llegada y tr\u00e1nsito de turistas\u201d.<\/p>\n","protected":false},"author":2,"featured_media":42549,"comment_status":"open","ping_status":"open","sticky":false,"template":"","format":"standard","meta":{"om_disable_all_campaigns":false,"_monsterinsights_skip_tracking":false,"_monsterinsights_sitenote_active":false,"_monsterinsights_sitenote_note":"","_monsterinsights_sitenote_category":0,"_uf_show_specific_survey":0,"_uf_disable_surveys":false,"jetpack_post_was_ever_published":false,"_jetpack_newsletter_access":"","_jetpack_dont_email_post_to_subs":false,"_jetpack_newsletter_tier_id":0,"_jetpack_memberships_contains_paywalled_content":false,"_jetpack_memberships_contains_paid_content":false,"footnotes":"","jetpack_publicize_message":"","jetpack_publicize_feature_enabled":true,"jetpack_social_post_already_shared":false,"jetpack_social_options":{"image_generator_settings":{"template":"highway","default_image_id":0,"font":"","enabled":false},"version":2}},"categories":[29],"tags":[],"class_list":["post-42548","post","type-post","status-publish","format-standard","has-post-thumbnail","hentry","category-turismo"],"aioseo_notices":[],"views":5,"jetpack_publicize_connections":[],"jetpack_featured_media_url":"https:\/\/i0.wp.com\/elterritorialweb.com.ar\/web\/wp-content\/uploads\/2022\/07\/ZAMORA-Y-SOSA.png?fit=972%2C655","jetpack_sharing_enabled":true,"_links":{"self":[{"href":"http:\/\/elterritorialweb.com.ar\/web\/wp-json\/wp\/v2\/posts\/42548","targetHints":{"allow":["GET"]}}],"collection":[{"href":"http:\/\/elterritorialweb.com.ar\/web\/wp-json\/wp\/v2\/posts"}],"about":[{"href":"http:\/\/elterritorialweb.com.ar\/web\/wp-json\/wp\/v2\/types\/post"}],"author":[{"embeddable":true,"href":"http:\/\/elterritorialweb.com.ar\/web\/wp-json\/wp\/v2\/users\/2"}],"replies":[{"embeddable":true,"href":"http:\/\/elterritorialweb.com.ar\/web\/wp-json\/wp\/v2\/comments?post=42548"}],"version-history":[{"count":1,"href":"http:\/\/elterritorialweb.com.ar\/web\/wp-json\/wp\/v2\/posts\/42548\/revisions"}],"predecessor-version":[{"id":42550,"href":"http:\/\/elterritorialweb.com.ar\/web\/wp-json\/wp\/v2\/posts\/42548\/revisions\/42550"}],"wp:featuredmedia":[{"embeddable":true,"href":"http:\/\/elterritorialweb.com.ar\/web\/wp-json\/wp\/v2\/media\/42549"}],"wp:attachment":[{"href":"http:\/\/elterritorialweb.com.ar\/web\/wp-json\/wp\/v2\/media?parent=42548"}],"wp:term":[{"taxonomy":"category","embeddable":true,"href":"http:\/\/elterritorialweb.com.ar\/web\/wp-json\/wp\/v2\/categories?post=42548"},{"taxonomy":"post_tag","embeddable":true,"href":"http:\/\/elterritorialweb.com.ar\/web\/wp-json\/wp\/v2\/tags?post=42548"}],"curies":[{"name":"wp","href":"https:\/\/api.w.org\/{rel}","templated":true}]}}