{"id":42551,"date":"2022-07-21T21:33:53","date_gmt":"2022-07-21T21:33:53","guid":{"rendered":"http:\/\/elterritorialweb.com.ar\/web\/?p=42551"},"modified":"2022-07-21T21:33:53","modified_gmt":"2022-07-21T21:33:53","slug":"el-municipio-acompanara-la-festividad-organizada-por-la-parroquia-santiago-apostol","status":"publish","type":"post","link":"http:\/\/elterritorialweb.com.ar\/web\/el-municipio-acompanara-la-festividad-organizada-por-la-parroquia-santiago-apostol\/","title":{"rendered":"EL MUNICIPIO ACOMPA\u00d1AR\u00c1 LA FESTIVIDAD ORGANIZADA POR LA PARROQUIA SANTIAGO APOSTOL"},"content":{"rendered":"\n<p>El jefe comunal acompa\u00f1\u00f3 el anuncio oficial de las actividades planificadas para la fiesta del Ap\u00f3stol Santiago disc\u00edpulo de Cristo que comenzar\u00e1n el domingo 24 a partir de las 20 con la presentaci\u00f3n de grupos musicales y una feria artesanal.<br>El lunes las actividades iniciar\u00e1n con una murga de ni\u00f1os, la procesi\u00f3n y la misa central en la que estar\u00e1 presente el Monse\u00f1or Vicente Bokalic. Y se finalizar\u00e1 con almuerzo comunitario con locro y m\u00fasica en vivo.<br>En la oportunidad, Nediani manifest\u00f3: \u201cEl municipio est\u00e1 apoyando todas las actividades que se realicen en el a\u00f1o previo a que la parroquia cumpla 120 a\u00f1os. Tambi\u00e9n hemos comenzado a hablar para que la comuna junto a un equipo t\u00e9cnico de la Universidad Cat\u00f3lica pueden iniciar el proyecto de restauraci\u00f3n del campanario del templo\u201d.<br>Por su parte, el p\u00e1rroco indic\u00f3: \u201cEl mes pasado iniciamos las festividades en las diferentes comunidades, con los catequistas auxiliares y todo el grupo de trabajo para celebrar al santo que le da el nombre a nuestra parroquia y que es patrono de la provincia y de la di\u00f3cesis de Santiago del Estero. Por esto queremos compartir esta fiesta con mucha esperanza junto a toda la ciudadan\u00eda\u201d.<br>Agreg\u00f3: \u201cAgradecemos el acompa\u00f1amiento del municipio en la organizaci\u00f3n de todas las actividades, en el acondicionamiento de los jardines del templo, la iluminaci\u00f3n del templo antiguo con los colores misioneros y por el compromiso de trabajar en la restauraci\u00f3n y el mantenimiento de la infraestructura\u201d.<\/p>\n","protected":false},"excerpt":{"rendered":"<p>El intendente Roger Nediani junto al sacerdote Luis Cruz anunciaron las actividades que se desarrollar\u00e1n en el marco de la festividad de Santiago Ap\u00f3stol que iniciar\u00e1 con una vigilia el domingo 24 y culminar\u00e1 con una misa central y almuerzo comunitario el lunes 25.<\/p>\n","protected":false},"author":2,"featured_media":42552,"comment_status":"open","ping_status":"open","sticky":false,"template":"","format":"standard","meta":{"om_disable_all_campaigns":false,"_monsterinsights_skip_tracking":false,"_monsterinsights_sitenote_active":false,"_monsterinsights_sitenote_note":"","_monsterinsights_sitenote_category":0,"_uf_show_specific_survey":0,"_uf_disable_surveys":false,"jetpack_post_was_ever_published":false,"_jetpack_newsletter_access":"","_jetpack_dont_email_post_to_subs":false,"_jetpack_newsletter_tier_id":0,"_jetpack_memberships_contains_paywalled_content":false,"_jetpack_memberships_contains_paid_content":false,"footnotes":"","jetpack_publicize_message":"","jetpack_publicize_feature_enabled":true,"jetpack_social_post_already_shared":false,"jetpack_social_options":{"image_generator_settings":{"template":"highway","default_image_id":0,"font":"","enabled":false},"version":2}},"categories":[21],"tags":[],"class_list":["post-42551","post","type-post","status-publish","format-standard","has-post-thumbnail","hentry","category-locales"],"aioseo_notices":[],"views":8,"jetpack_publicize_connections":[],"jetpack_featured_media_url":"https:\/\/i0.wp.com\/elterritorialweb.com.ar\/web\/wp-content\/uploads\/2022\/07\/WhatsApp-Image-2022-07-21-at-6.40.58-PM.jpeg?fit=1600%2C1057","jetpack_sharing_enabled":true,"_links":{"self":[{"href":"http:\/\/elterritorialweb.com.ar\/web\/wp-json\/wp\/v2\/posts\/42551","targetHints":{"allow":["GET"]}}],"collection":[{"href":"http:\/\/elterritorialweb.com.ar\/web\/wp-json\/wp\/v2\/posts"}],"about":[{"href":"http:\/\/elterritorialweb.com.ar\/web\/wp-json\/wp\/v2\/types\/post"}],"author":[{"embeddable":true,"href":"http:\/\/elterritorialweb.com.ar\/web\/wp-json\/wp\/v2\/users\/2"}],"replies":[{"embeddable":true,"href":"http:\/\/elterritorialweb.com.ar\/web\/wp-json\/wp\/v2\/comments?post=42551"}],"version-history":[{"count":1,"href":"http:\/\/elterritorialweb.com.ar\/web\/wp-json\/wp\/v2\/posts\/42551\/revisions"}],"predecessor-version":[{"id":42553,"href":"http:\/\/elterritorialweb.com.ar\/web\/wp-json\/wp\/v2\/posts\/42551\/revisions\/42553"}],"wp:featuredmedia":[{"embeddable":true,"href":"http:\/\/elterritorialweb.com.ar\/web\/wp-json\/wp\/v2\/media\/42552"}],"wp:attachment":[{"href":"http:\/\/elterritorialweb.com.ar\/web\/wp-json\/wp\/v2\/media?parent=42551"}],"wp:term":[{"taxonomy":"category","embeddable":true,"href":"http:\/\/elterritorialweb.com.ar\/web\/wp-json\/wp\/v2\/categories?post=42551"},{"taxonomy":"post_tag","embeddable":true,"href":"http:\/\/elterritorialweb.com.ar\/web\/wp-json\/wp\/v2\/tags?post=42551"}],"curies":[{"name":"wp","href":"https:\/\/api.w.org\/{rel}","templated":true}]}}