{"id":42554,"date":"2022-07-21T21:42:28","date_gmt":"2022-07-21T21:42:28","guid":{"rendered":"http:\/\/elterritorialweb.com.ar\/web\/?p=42554"},"modified":"2022-07-21T21:42:29","modified_gmt":"2022-07-21T21:42:29","slug":"nueva-edicion-del-programa-promover-igualdad","status":"publish","type":"post","link":"http:\/\/elterritorialweb.com.ar\/web\/nueva-edicion-del-programa-promover-igualdad\/","title":{"rendered":"NUEVA EDICI\u00d3N DEL PROGRAMA PROMOVER IGUALDAD"},"content":{"rendered":"\n<p>La Banda<\/p>\n\n\n\n<p>En este sentido, la coordinadora de mencionada \u00e1rea, Silvia Ber\u00f3n explic\u00f3: \u00abContentos de seguir respondiendo a un programa tan importante, en donde en esta ma\u00f1ana, comenzamos con el lanzamiento de la etapa de formaci\u00f3n de todas aquellas personas que est\u00e1n adheridas al programa, es decir, personas que con discapacidad que cuenten con un CUD (Certificado \u00danico de Discapacidad)\u00bb.<br>\u00abRemarcamos la continuidad de este, y la realizaci\u00f3n del mismo de manera ininterrumpida y con un fuerte compromiso con la poblaci\u00f3n, especialmente con este sector, al que buscamos constantemente formarlos y lanzarlos al entrenamiento laboral dentro de las otras \u00e1reas municipales\u00bb.<br>\u00abAsimismo, los beneficiarios durante su periodo de formaci\u00f3n, reciben una contraprestaci\u00f3n compatible con su pensi\u00f3n, siendo as\u00ed cualquier tipo de actividades que realicen dentro de la oficina de empleo\u00bb.<br>\u00abEstamos orgullosos de saber que en cualquier proyecto y programa, podemos hablar de inclusi\u00f3n y hacer parte de ellos a todas las personas, con el acompa\u00f1amiento del intendente Nediani, diciendo que si a la inclusi\u00f3n de todos los sectores de la sociedad\u00bb finaliz\u00f3 la funcionaria.<br>Adem\u00e1s, Ver\u00f3n invit\u00f3 y convoc\u00f3 a las personas que cuenten con un CUD y con residencia en la ciudad de La Banda, acercarse a la oficina para poder adherirse al programa y continuar con la proyecci\u00f3n de la inclusi\u00f3n. Cabe destacar, que las oficinas se encuentran en calle S\u00e1enz Pe\u00f1a 64, donde los interesados podr\u00e1n concurrir hasta el martes 26, en el horario de 8 a 12, o bien, comunicarse al 4271500 para cualquier tipo de informaci\u00f3n del tema.<\/p>\n","protected":false},"excerpt":{"rendered":"<p>La Oficina de Empleo de la Municipalidad de La Banda, realiz\u00f3 el lanzamiento de una nueva edici\u00f3n del programa Promover Igualdad de Oportunidades de Empleo.<\/p>\n","protected":false},"author":2,"featured_media":42555,"comment_status":"open","ping_status":"open","sticky":false,"template":"","format":"standard","meta":{"om_disable_all_campaigns":false,"_monsterinsights_skip_tracking":false,"_monsterinsights_sitenote_active":false,"_monsterinsights_sitenote_note":"","_monsterinsights_sitenote_category":0,"_uf_show_specific_survey":0,"_uf_disable_surveys":false,"jetpack_post_was_ever_published":false,"_jetpack_newsletter_access":"","_jetpack_dont_email_post_to_subs":false,"_jetpack_newsletter_tier_id":0,"_jetpack_memberships_contains_paywalled_content":false,"_jetpack_memberships_contains_paid_content":false,"footnotes":"","jetpack_publicize_message":"","jetpack_publicize_feature_enabled":true,"jetpack_social_post_already_shared":false,"jetpack_social_options":{"image_generator_settings":{"template":"highway","default_image_id":0,"font":"","enabled":false},"version":2}},"categories":[21],"tags":[],"class_list":["post-42554","post","type-post","status-publish","format-standard","has-post-thumbnail","hentry","category-locales"],"aioseo_notices":[],"views":6,"jetpack_publicize_connections":[],"jetpack_featured_media_url":"https:\/\/i0.wp.com\/elterritorialweb.com.ar\/web\/wp-content\/uploads\/2022\/07\/WhatsApp-Image-2022-07-21-at-6.40.59-PM.jpeg?fit=1600%2C1057","jetpack_sharing_enabled":true,"_links":{"self":[{"href":"http:\/\/elterritorialweb.com.ar\/web\/wp-json\/wp\/v2\/posts\/42554","targetHints":{"allow":["GET"]}}],"collection":[{"href":"http:\/\/elterritorialweb.com.ar\/web\/wp-json\/wp\/v2\/posts"}],"about":[{"href":"http:\/\/elterritorialweb.com.ar\/web\/wp-json\/wp\/v2\/types\/post"}],"author":[{"embeddable":true,"href":"http:\/\/elterritorialweb.com.ar\/web\/wp-json\/wp\/v2\/users\/2"}],"replies":[{"embeddable":true,"href":"http:\/\/elterritorialweb.com.ar\/web\/wp-json\/wp\/v2\/comments?post=42554"}],"version-history":[{"count":1,"href":"http:\/\/elterritorialweb.com.ar\/web\/wp-json\/wp\/v2\/posts\/42554\/revisions"}],"predecessor-version":[{"id":42556,"href":"http:\/\/elterritorialweb.com.ar\/web\/wp-json\/wp\/v2\/posts\/42554\/revisions\/42556"}],"wp:featuredmedia":[{"embeddable":true,"href":"http:\/\/elterritorialweb.com.ar\/web\/wp-json\/wp\/v2\/media\/42555"}],"wp:attachment":[{"href":"http:\/\/elterritorialweb.com.ar\/web\/wp-json\/wp\/v2\/media?parent=42554"}],"wp:term":[{"taxonomy":"category","embeddable":true,"href":"http:\/\/elterritorialweb.com.ar\/web\/wp-json\/wp\/v2\/categories?post=42554"},{"taxonomy":"post_tag","embeddable":true,"href":"http:\/\/elterritorialweb.com.ar\/web\/wp-json\/wp\/v2\/tags?post=42554"}],"curies":[{"name":"wp","href":"https:\/\/api.w.org\/{rel}","templated":true}]}}