{"id":42634,"date":"2022-07-23T23:08:11","date_gmt":"2022-07-23T23:08:11","guid":{"rendered":"http:\/\/elterritorialweb.com.ar\/web\/?p=42634"},"modified":"2022-07-23T23:48:18","modified_gmt":"2022-07-23T23:48:18","slug":"almuerzo-y-analisis-entre-alberto-fernandez-y-cristina-kirchner-en-la-quinta-de-olivos","status":"publish","type":"post","link":"http:\/\/elterritorialweb.com.ar\/web\/almuerzo-y-analisis-entre-alberto-fernandez-y-cristina-kirchner-en-la-quinta-de-olivos\/","title":{"rendered":"ALMUERZO Y ANALISIS ENTRE ALBERTO FERN\u00c1NDEZ Y CRISTINA KIRCHNER EN LA QUINTA DE OLIVOS"},"content":{"rendered":"\n<p><strong>Alberto Fern\u00e1ndez\u00a0<\/strong>y\u00a0<strong>Cristina Kirchner\u00a0<\/strong>protagonizaron un largo almuerzo este s\u00e1bado en Olivos, donde analizaron la situaci\u00f3n del Gobierno y la crisis de los mercados, luego de una semana de tensi\u00f3n cambiaria.\u00a0<\/p>\n\n\n\n<p>\u00a0En el encuentro que dur\u00f3 tres horas,\u00a0el presidente y su vice hablaron tambi\u00e9n de la posibilidad de hacer cambios de gabinete y nuevas medidas econ\u00f3mica que permitan controlar la suba del d\u00f3lar. <\/p>\n\n\n\n<p>Fern\u00e1ndez de Kirchner arrib\u00f3 a Olivos cerca de las 13 vestida de sport, al ingresar por el t\u00fanel de la avenida Libertador en su auto oficial. Durante el encuentro, la vicepresidenta expres\u00f3\u00a0su disconformidad a la posibilidad de que se genere un d\u00f3lar paralelo que le permita al campo liquidar la soja que mantienen guardada en silobolsas, a la espera de mejores condiciones para una venta.<\/p>\n\n\n\n<p>La posibilidad de un d\u00f3lar especial para los productores agropecuarios hab\u00eda trascendido en los \u00faltimos d\u00edas debido a que las exportaciones de soja est\u00e1n en m\u00ednimos desde que se lleva registro, desde la campa\u00f1a 2009-2010.<\/p>\n\n\n\n<p>Datos del Ministerio de Agricultura muestran que<strong>\u00a0las ventas de productores de soja llegan hoy al 47% del total de la cosecha de esta campa\u00f1a 2021-2022. Muy por debajo del promedio de campa\u00f1as anteriores, que para esta \u00e9poca del a\u00f1o tienden a promediar ventas por el equivalente al 56%<\/strong>.<\/p>\n\n\n\n<p>El almuerzo de hoy se dio por la sugerencia de los entornos de la f\u00f3rmula presidencial, en especial, por la secretaria Legal y T\u00e9cnica,&nbsp;<strong>Vilma Ibarra<\/strong>; y el secretario general de la Presidencia,<strong>&nbsp;Julio Vitobello<\/strong>. Ante el arribo de&nbsp;<strong>Silvina Batakis<\/strong>&nbsp;al Ministerio de Econom\u00eda y la tensi\u00f3n cambiaria, los funcionarios consideran que el plan establecido desde la partida de<strong>&nbsp;Mart\u00edn Guzm\u00e1n<\/strong>&nbsp;no funciona por la falta de di\u00e1logo entre los Fern\u00e1ndez.<\/p>\n\n\n\n<p>Tambi\u00e9n, hablaron sobre el viaje que emprender\u00e1\u00a0<strong>Silvina Batakis<\/strong>\u00a0a Washington para reunirse con<strong>\u00a0Kristalina Georgieva<\/strong>, directora gerente del FMI. En ese punto, ambos coincidieron en que el organismo internacional no va a cambiar las metas propuestas para Argentina, pero buscan que se modifique la velocidad para el cumplimiento, en un contexto de suba del gasoil.<\/p>\n\n\n\n<p><strong>La titular del Palacio de Hacienda tendr\u00e1 su primer encuentro cara a cara con Kristalina Georgieva, directora gerente del FMI. Ser\u00e1 al mediod\u00eda del lunes.&nbsp;<\/strong>All\u00ed hablar\u00e1n sobre la crisis cambiaria que atraviesa la Argentina y pondr\u00e1n especial foco en las metas que el Gobierno se comprometi\u00f3 a cumplir con el organismo multilateral luego de que Mart\u00edn Guzm\u00e1n renegociara la deuda contra\u00edda por Mauricio Macri.<\/p>\n\n\n\n<p>M\u00e1s temprano ese mismo lunes, Batakis ir\u00e1 al Tesoro norteamericano, en donde a\u00fan est\u00e1 cerrando las reuniones que mantendr\u00e1.&nbsp;<strong>El objetivo de m\u00e1xima es ser recibida por Janet Yellen, secretaria de la instituci\u00f3n.<\/strong><\/p>\n\n\n\n<p>Luego, por la tarde, ser\u00e1 el turno del Banco Mundial. La ministra tendr\u00e1 una bilateral con&nbsp;<strong>Axel van Trotsenburg<\/strong>, director gerente de operaciones, y con&nbsp;<strong>Jordan Schwartz<\/strong>&nbsp;director del organismo para Argentina, Paraguay y Uruguay.<\/p>\n\n\n\n<p>El martes, Batakis participar\u00e1 de un desayuno en la residencia del embajador argentino en Estados Unidos, Jorge Arg\u00fcello, con inversores de Wall Street.&nbsp;<strong>Ese d\u00eda tambi\u00e9n tendr\u00e1 una reuni\u00f3n con empresas locales que invierten en la Argentina organizada por la C\u00e1mara de Comercio de Estados Unidos y finalmente, para cerrar su viaje, tendr\u00e1 encuentros por separado con los directivos de Google, Chevron, General Motors y Amazon.<\/strong><\/p>\n","protected":false},"excerpt":{"rendered":"<p>El Presidente y la vice estuvieron a solas para encontrar un mecanismo que permita enfrentar la suba constante del d\u00f3lar y riesgo pa\u00eds, adem\u00e1s de evaluar probables cambios en el Gabinete<\/p>\n","protected":false},"author":2,"featured_media":42635,"comment_status":"open","ping_status":"open","sticky":false,"template":"","format":"standard","meta":{"om_disable_all_campaigns":false,"_monsterinsights_skip_tracking":false,"_monsterinsights_sitenote_active":false,"_monsterinsights_sitenote_note":"","_monsterinsights_sitenote_category":0,"_uf_show_specific_survey":0,"_uf_disable_surveys":false,"jetpack_post_was_ever_published":false,"_jetpack_newsletter_access":"","_jetpack_dont_email_post_to_subs":false,"_jetpack_newsletter_tier_id":0,"_jetpack_memberships_contains_paywalled_content":false,"_jetpack_memberships_contains_paid_content":false,"footnotes":"","jetpack_publicize_message":"","jetpack_publicize_feature_enabled":true,"jetpack_social_post_already_shared":false,"jetpack_social_options":{"image_generator_settings":{"template":"highway","default_image_id":0,"font":"","enabled":false},"version":2}},"categories":[4,18],"tags":[],"class_list":["post-42634","post","type-post","status-publish","format-standard","has-post-thumbnail","hentry","category-destacadas","category-politica"],"aioseo_notices":[],"views":9,"jetpack_publicize_connections":[],"jetpack_featured_media_url":"https:\/\/i0.wp.com\/elterritorialweb.com.ar\/web\/wp-content\/uploads\/2022\/07\/ALMUERZO-DE-CRISTINA-Y-ALBERTO-1.jpg?fit=1500%2C849","jetpack_sharing_enabled":true,"_links":{"self":[{"href":"http:\/\/elterritorialweb.com.ar\/web\/wp-json\/wp\/v2\/posts\/42634","targetHints":{"allow":["GET"]}}],"collection":[{"href":"http:\/\/elterritorialweb.com.ar\/web\/wp-json\/wp\/v2\/posts"}],"about":[{"href":"http:\/\/elterritorialweb.com.ar\/web\/wp-json\/wp\/v2\/types\/post"}],"author":[{"embeddable":true,"href":"http:\/\/elterritorialweb.com.ar\/web\/wp-json\/wp\/v2\/users\/2"}],"replies":[{"embeddable":true,"href":"http:\/\/elterritorialweb.com.ar\/web\/wp-json\/wp\/v2\/comments?post=42634"}],"version-history":[{"count":1,"href":"http:\/\/elterritorialweb.com.ar\/web\/wp-json\/wp\/v2\/posts\/42634\/revisions"}],"predecessor-version":[{"id":42636,"href":"http:\/\/elterritorialweb.com.ar\/web\/wp-json\/wp\/v2\/posts\/42634\/revisions\/42636"}],"wp:featuredmedia":[{"embeddable":true,"href":"http:\/\/elterritorialweb.com.ar\/web\/wp-json\/wp\/v2\/media\/42635"}],"wp:attachment":[{"href":"http:\/\/elterritorialweb.com.ar\/web\/wp-json\/wp\/v2\/media?parent=42634"}],"wp:term":[{"taxonomy":"category","embeddable":true,"href":"http:\/\/elterritorialweb.com.ar\/web\/wp-json\/wp\/v2\/categories?post=42634"},{"taxonomy":"post_tag","embeddable":true,"href":"http:\/\/elterritorialweb.com.ar\/web\/wp-json\/wp\/v2\/tags?post=42634"}],"curies":[{"name":"wp","href":"https:\/\/api.w.org\/{rel}","templated":true}]}}