{"id":42694,"date":"2022-07-25T01:11:07","date_gmt":"2022-07-25T01:11:07","guid":{"rendered":"http:\/\/elterritorialweb.com.ar\/web\/?p=42694"},"modified":"2022-07-25T02:57:16","modified_gmt":"2022-07-25T02:57:16","slug":"se-reportaron-347-casos-positivos-de-coronavirus-en-la-ultima-semana-en-santiago-del-estero","status":"publish","type":"post","link":"http:\/\/elterritorialweb.com.ar\/web\/se-reportaron-347-casos-positivos-de-coronavirus-en-la-ultima-semana-en-santiago-del-estero\/","title":{"rendered":"SE REPORTARON 347 CASOS POSITIVOS DE CORONAVIRUS EN LA ULTIMA SEMANA EN SANTIAGO DEL ESTERO"},"content":{"rendered":"\n<p>Desde el domingo 17 al s\u00e1bado 23 de julio, en Santiago del Estero se registraron 347 casos positivos de coronavirus, seg\u00fan inform\u00f3 el Comit\u00e9 Operativo de Emergencia.<\/p>\n\n\n\n<p>El porcentaje de ocupaci\u00f3n de camas UTI -UCI es del 3,5% y no hay ocupaci\u00f3n en leves y moderados.<\/p>\n\n\n\n<p>Ante el incremento de casos de Covid-19 , principalmente en personas que no completaron las dosis de refuerzo, se solicita a la poblaci\u00f3n concurrir a los Vacunatorios a completar: esquema primario (primera y segunda dosis y tercera para vacunados con sinopharm) y esquema de refuerzo.<br>Ya que se advierte en la mayor\u00eda de los casos la necesidad de cumplir con la vacunaci\u00f3n de las dos dosis de refuerzo.<\/p>\n\n\n\n<p><strong>Adem\u00e1s se recuerda:<\/strong><br>&#8211; que contin\u00faa siendo obligatorio el uso del barbijo en espacios cerrados, en el transporte de colectivos y radio taxis, como en cualquier lugar p\u00fablico abierto donde exista aglomeraci\u00f3n de personas, tales c\u00f3mo paradas de colectivos, colas en cajeros, etc . No siendo obligatorio &nbsp;en la v\u00eda p\u00fablica cuando alguien &nbsp;circule solo, &nbsp;o junto a personas de su grupo conviviente.<\/p>\n\n\n\n<p><strong>Aislamiento<\/strong><\/p>\n\n\n\n<p>&#8211; Personas con COVID-19 positivo con esquema completo de vacunaci\u00f3n (5 d\u00edas), contacto estrecho convenientes y no conviviente sin s\u00edntomas extremar cuidados con uso de barbijo y medidas preventivas durante 10 d\u00edas. Con s\u00edntomas consultar en un Centro de Salud.<br>&#8211; Personas con COVID-19 positivo, &nbsp;con esquema incompleto de vacunaci\u00f3n (7 d\u00edas) y contactos estrechos convivientes y no convivientes sin s\u00edntomas extremar cuidados con uso de barbijo y medidas preventivas durante 10 d\u00edas.<br>Con s\u00edntomas consultar en un Centro de Salud.<\/p>\n\n\n\n<p><strong>El COE informa a toda la poblaci\u00f3n:<\/strong><br><strong>a)<\/strong>&nbsp;que se monitorean semanalmente los resultados de las muestras de hisopados, a &nbsp;los fines de realizar una vigilancia genomica del SARS-COV-2 &nbsp;para identificar las variantes que circulan en nuestra &nbsp;provincia.<\/p>\n\n\n\n<p><strong>b)<\/strong>&nbsp;se dispone de vacunas en todas las Localidades y Ciudades del Interior en Hospitales Zonales, Distritales y de Tr\u00e1nsito y en Capital y Banda en los Vacunatorios Permanentes, UPAS y CAPS.<\/p>\n\n\n\n<p><strong>c)<\/strong>&nbsp;se considera esquema completo contar con el esquema primario m\u00e1s 2 refuerzos, a excepci\u00f3n de los menores de 12 a\u00f1os que solo deben contar con un refuerzo.<\/p>\n\n\n\n<p><strong>d)<\/strong>&nbsp;ante la curva de aumento de casos de las \u00falitmas semanas, se solicita a todos los santiague\u00f1os que concurran a completar su esquema de vacunaci\u00f3n para proteger su vida y la de todos. &nbsp;<\/p>\n","protected":false},"excerpt":{"rendered":"<p>As\u00ed lo inform\u00f3 el COE en el reporte semanal de este domingo.<\/p>\n","protected":false},"author":2,"featured_media":42696,"comment_status":"open","ping_status":"open","sticky":false,"template":"","format":"standard","meta":{"om_disable_all_campaigns":false,"_monsterinsights_skip_tracking":false,"_monsterinsights_sitenote_active":false,"_monsterinsights_sitenote_note":"","_monsterinsights_sitenote_category":0,"_uf_show_specific_survey":0,"_uf_disable_surveys":false,"jetpack_post_was_ever_published":false,"_jetpack_newsletter_access":"","_jetpack_dont_email_post_to_subs":false,"_jetpack_newsletter_tier_id":0,"_jetpack_memberships_contains_paywalled_content":false,"_jetpack_memberships_contains_paid_content":false,"footnotes":"","jetpack_publicize_message":"","jetpack_publicize_feature_enabled":true,"jetpack_social_post_already_shared":false,"jetpack_social_options":{"image_generator_settings":{"template":"highway","default_image_id":0,"font":"","enabled":false},"version":2}},"categories":[4,3],"tags":[],"class_list":["post-42694","post","type-post","status-publish","format-standard","has-post-thumbnail","hentry","category-destacadas","category-salud"],"aioseo_notices":[],"views":11,"jetpack_publicize_connections":[],"jetpack_featured_media_url":"https:\/\/i0.wp.com\/elterritorialweb.com.ar\/web\/wp-content\/uploads\/2022\/07\/WhatsApp-Image-2022-07-25-at-3.03.38-AM-e1658711454518.jpeg?fit=1200%2C1056","jetpack_sharing_enabled":true,"_links":{"self":[{"href":"http:\/\/elterritorialweb.com.ar\/web\/wp-json\/wp\/v2\/posts\/42694","targetHints":{"allow":["GET"]}}],"collection":[{"href":"http:\/\/elterritorialweb.com.ar\/web\/wp-json\/wp\/v2\/posts"}],"about":[{"href":"http:\/\/elterritorialweb.com.ar\/web\/wp-json\/wp\/v2\/types\/post"}],"author":[{"embeddable":true,"href":"http:\/\/elterritorialweb.com.ar\/web\/wp-json\/wp\/v2\/users\/2"}],"replies":[{"embeddable":true,"href":"http:\/\/elterritorialweb.com.ar\/web\/wp-json\/wp\/v2\/comments?post=42694"}],"version-history":[{"count":1,"href":"http:\/\/elterritorialweb.com.ar\/web\/wp-json\/wp\/v2\/posts\/42694\/revisions"}],"predecessor-version":[{"id":42697,"href":"http:\/\/elterritorialweb.com.ar\/web\/wp-json\/wp\/v2\/posts\/42694\/revisions\/42697"}],"wp:featuredmedia":[{"embeddable":true,"href":"http:\/\/elterritorialweb.com.ar\/web\/wp-json\/wp\/v2\/media\/42696"}],"wp:attachment":[{"href":"http:\/\/elterritorialweb.com.ar\/web\/wp-json\/wp\/v2\/media?parent=42694"}],"wp:term":[{"taxonomy":"category","embeddable":true,"href":"http:\/\/elterritorialweb.com.ar\/web\/wp-json\/wp\/v2\/categories?post=42694"},{"taxonomy":"post_tag","embeddable":true,"href":"http:\/\/elterritorialweb.com.ar\/web\/wp-json\/wp\/v2\/tags?post=42694"}],"curies":[{"name":"wp","href":"https:\/\/api.w.org\/{rel}","templated":true}]}}