{"id":42698,"date":"2022-07-25T02:07:09","date_gmt":"2022-07-25T02:07:09","guid":{"rendered":"http:\/\/elterritorialweb.com.ar\/web\/?p=42698"},"modified":"2022-07-25T02:07:10","modified_gmt":"2022-07-25T02:07:10","slug":"celebracion-religiosa-en-honor-a-san-francisco-solano","status":"publish","type":"post","link":"http:\/\/elterritorialweb.com.ar\/web\/celebracion-religiosa-en-honor-a-san-francisco-solano\/","title":{"rendered":"CELEBRACI\u00d3N RELIGIOSA EN HONOR A SAN FRANCISCO SOLANO"},"content":{"rendered":"\n<p>Lo hizo acompa\u00f1ada del Presidente del Concejo Deliberante, Humberto Santill\u00e1n; la Secretaria de Coordinaci\u00f3n de Gabinete, Alejandra Yoshitake; y funcionarios del gabinete municipal.<\/p>\n\n\n\n<p>Durante la celebraci\u00f3n por la fiesta patronal, el Obispo pidi\u00f3 a los feligreses, honrar la obra de San Francisco Solano, misionero, evangelizador, y que bregaba por la asistencia a los m\u00e1s vulnerables.<\/p>\n\n\n\n<p>Luego, la Intendente recorri\u00f3 el Museo de Arte Sacro y la celda capilla en donde se venera a los santos de la orden franciscana, para finalizar en la feria artesanal que se realiza en el patio del Convento con motivo de la fiesta patronal y donde mantuvo contacto con cada uno de los artesanos y emprendedores que participaron de la misma.<\/p>\n","protected":false},"excerpt":{"rendered":"<p>La Intendente Ing. Norma Fuentes, particip\u00f3 de la misa en honor a San Francisco Solano que fue celebrada por el Obispo Auxiliar de la Di\u00f3cesis de Santiago del Estero, Enrique Mart\u00ednez Ossola.<\/p>\n","protected":false},"author":2,"featured_media":42699,"comment_status":"open","ping_status":"open","sticky":false,"template":"","format":"standard","meta":{"om_disable_all_campaigns":false,"_monsterinsights_skip_tracking":false,"_monsterinsights_sitenote_active":false,"_monsterinsights_sitenote_note":"","_monsterinsights_sitenote_category":0,"_uf_show_specific_survey":0,"_uf_disable_surveys":false,"jetpack_post_was_ever_published":false,"_jetpack_newsletter_access":"","_jetpack_dont_email_post_to_subs":false,"_jetpack_newsletter_tier_id":0,"_jetpack_memberships_contains_paywalled_content":false,"_jetpack_memberships_contains_paid_content":false,"footnotes":"","jetpack_publicize_message":"","jetpack_publicize_feature_enabled":true,"jetpack_social_post_already_shared":false,"jetpack_social_options":{"image_generator_settings":{"template":"highway","default_image_id":0,"font":"","enabled":false},"version":2}},"categories":[21],"tags":[],"class_list":["post-42698","post","type-post","status-publish","format-standard","has-post-thumbnail","hentry","category-locales"],"aioseo_notices":[],"views":7,"jetpack_publicize_connections":[],"jetpack_featured_media_url":"https:\/\/i0.wp.com\/elterritorialweb.com.ar\/web\/wp-content\/uploads\/2022\/07\/san-francisco-solano.jpeg?fit=1280%2C729","jetpack_sharing_enabled":true,"_links":{"self":[{"href":"http:\/\/elterritorialweb.com.ar\/web\/wp-json\/wp\/v2\/posts\/42698","targetHints":{"allow":["GET"]}}],"collection":[{"href":"http:\/\/elterritorialweb.com.ar\/web\/wp-json\/wp\/v2\/posts"}],"about":[{"href":"http:\/\/elterritorialweb.com.ar\/web\/wp-json\/wp\/v2\/types\/post"}],"author":[{"embeddable":true,"href":"http:\/\/elterritorialweb.com.ar\/web\/wp-json\/wp\/v2\/users\/2"}],"replies":[{"embeddable":true,"href":"http:\/\/elterritorialweb.com.ar\/web\/wp-json\/wp\/v2\/comments?post=42698"}],"version-history":[{"count":1,"href":"http:\/\/elterritorialweb.com.ar\/web\/wp-json\/wp\/v2\/posts\/42698\/revisions"}],"predecessor-version":[{"id":42700,"href":"http:\/\/elterritorialweb.com.ar\/web\/wp-json\/wp\/v2\/posts\/42698\/revisions\/42700"}],"wp:featuredmedia":[{"embeddable":true,"href":"http:\/\/elterritorialweb.com.ar\/web\/wp-json\/wp\/v2\/media\/42699"}],"wp:attachment":[{"href":"http:\/\/elterritorialweb.com.ar\/web\/wp-json\/wp\/v2\/media?parent=42698"}],"wp:term":[{"taxonomy":"category","embeddable":true,"href":"http:\/\/elterritorialweb.com.ar\/web\/wp-json\/wp\/v2\/categories?post=42698"},{"taxonomy":"post_tag","embeddable":true,"href":"http:\/\/elterritorialweb.com.ar\/web\/wp-json\/wp\/v2\/tags?post=42698"}],"curies":[{"name":"wp","href":"https:\/\/api.w.org\/{rel}","templated":true}]}}