{"id":42775,"date":"2022-07-26T18:51:17","date_gmt":"2022-07-26T18:51:17","guid":{"rendered":"http:\/\/elterritorialweb.com.ar\/web\/?p=42775"},"modified":"2022-07-26T19:04:57","modified_gmt":"2022-07-26T19:04:57","slug":"cronograma-de-pago-de-sueldos-de-la-administracion-publica-provincial","status":"publish","type":"post","link":"http:\/\/elterritorialweb.com.ar\/web\/cronograma-de-pago-de-sueldos-de-la-administracion-publica-provincial\/","title":{"rendered":"CRONOGRAMA DE PAGO DE SUELDOS DE LA ADMINISTRACION P\u00daBLICA PROVINCIAL"},"content":{"rendered":"\n<p>El Ministerio de Econom\u00eda de la Provincia de Santiago del Estero comunica a los empleados de la administraci\u00f3n p\u00fablica provincial que el pago de sueldos correspondientes al mes de JULIO, se efectuar\u00e1 a partir del d\u00eda jueves 28 de julio, desde las 8 hs. de la ma\u00f1ana.<\/p>\n\n\n\n<p>A los efectos de cumplir con el protocolo de distanciamiento social y de seguridad establecidos por la pandemia del Covid \u2013 19; el pago de los sueldos del mes de julio, se realizar\u00e1 en dos jornadas, teniendo en cuenta el \u00faltimo digito del DNI y el dinero estar\u00e1 disponible en los cajeros, a partir de las 8 hs., de acuerdo al siguiente cronograma:<\/p>\n\n\n\n<p>Los DNI terminados en 0, 1, 2, 3 y 4 cobraran el jueves 28 de julio.<\/p>\n\n\n\n<p>Los DNI terminados en 5, 6, 7, 8 y 9 cobraran el viernes 29 de julio.<\/p>\n\n\n\n<p>Se aclara que esta modalidad de pago se implementa para evitar la aglomeraci\u00f3n de las personas en los cajeros. De esta manera,&nbsp; nos seguimos cuidando entre todos.<\/p>\n","protected":false},"excerpt":{"rendered":"<p>As\u00ed lo informaron desde la cartera de econom\u00eda de la provincia.<\/p>\n","protected":false},"author":2,"featured_media":41565,"comment_status":"open","ping_status":"open","sticky":false,"template":"","format":"standard","meta":{"om_disable_all_campaigns":false,"_monsterinsights_skip_tracking":false,"_monsterinsights_sitenote_active":false,"_monsterinsights_sitenote_note":"","_monsterinsights_sitenote_category":0,"_uf_show_specific_survey":0,"_uf_disable_surveys":false,"jetpack_post_was_ever_published":false,"_jetpack_newsletter_access":"","_jetpack_dont_email_post_to_subs":false,"_jetpack_newsletter_tier_id":0,"_jetpack_memberships_contains_paywalled_content":false,"_jetpack_memberships_contains_paid_content":false,"footnotes":"","jetpack_publicize_message":"","jetpack_publicize_feature_enabled":true,"jetpack_social_post_already_shared":false,"jetpack_social_options":{"image_generator_settings":{"template":"highway","default_image_id":0,"font":"","enabled":false},"version":2}},"categories":[4,2],"tags":[],"class_list":["post-42775","post","type-post","status-publish","format-standard","has-post-thumbnail","hentry","category-destacadas","category-economia"],"aioseo_notices":[],"views":9,"jetpack_publicize_connections":[],"jetpack_featured_media_url":"https:\/\/i0.wp.com\/elterritorialweb.com.ar\/web\/wp-content\/uploads\/2022\/06\/pago-de-sueldos.jpg?fit=540%2C340","jetpack_sharing_enabled":true,"_links":{"self":[{"href":"http:\/\/elterritorialweb.com.ar\/web\/wp-json\/wp\/v2\/posts\/42775","targetHints":{"allow":["GET"]}}],"collection":[{"href":"http:\/\/elterritorialweb.com.ar\/web\/wp-json\/wp\/v2\/posts"}],"about":[{"href":"http:\/\/elterritorialweb.com.ar\/web\/wp-json\/wp\/v2\/types\/post"}],"author":[{"embeddable":true,"href":"http:\/\/elterritorialweb.com.ar\/web\/wp-json\/wp\/v2\/users\/2"}],"replies":[{"embeddable":true,"href":"http:\/\/elterritorialweb.com.ar\/web\/wp-json\/wp\/v2\/comments?post=42775"}],"version-history":[{"count":1,"href":"http:\/\/elterritorialweb.com.ar\/web\/wp-json\/wp\/v2\/posts\/42775\/revisions"}],"predecessor-version":[{"id":42776,"href":"http:\/\/elterritorialweb.com.ar\/web\/wp-json\/wp\/v2\/posts\/42775\/revisions\/42776"}],"wp:featuredmedia":[{"embeddable":true,"href":"http:\/\/elterritorialweb.com.ar\/web\/wp-json\/wp\/v2\/media\/41565"}],"wp:attachment":[{"href":"http:\/\/elterritorialweb.com.ar\/web\/wp-json\/wp\/v2\/media?parent=42775"}],"wp:term":[{"taxonomy":"category","embeddable":true,"href":"http:\/\/elterritorialweb.com.ar\/web\/wp-json\/wp\/v2\/categories?post=42775"},{"taxonomy":"post_tag","embeddable":true,"href":"http:\/\/elterritorialweb.com.ar\/web\/wp-json\/wp\/v2\/tags?post=42775"}],"curies":[{"name":"wp","href":"https:\/\/api.w.org\/{rel}","templated":true}]}}