{"id":42777,"date":"2022-07-26T19:03:18","date_gmt":"2022-07-26T19:03:18","guid":{"rendered":"http:\/\/elterritorialweb.com.ar\/web\/?p=42777"},"modified":"2022-07-26T19:03:18","modified_gmt":"2022-07-26T19:03:18","slug":"la-intendente-fuentes-entrego-el-decreto-de-visitante-ilustre-al-monsenor-torrado-mosconi","status":"publish","type":"post","link":"http:\/\/elterritorialweb.com.ar\/web\/la-intendente-fuentes-entrego-el-decreto-de-visitante-ilustre-al-monsenor-torrado-mosconi\/","title":{"rendered":"LA INTENDENTE FUENTES ENTREG\u00d3 EL DECRETO DE VISITANTE ILUSTRE AL MONSE\u00d1OR TORRADO MOSCONI"},"content":{"rendered":"\n<p>El prelado, que se encuentra de visita en la Madre de Ciudades con motivo del 469\u00b0 aniversario de su fundaci\u00f3n, tambi\u00e9n recibi\u00f3 la llave de la ciudad como s\u00edmbolo de confianza en su persona y de reconocimiento por su ardua labor realizada en suelo santiague\u00f1o.<\/p>\n\n\n\n<p>Desarrollado en el Sal\u00f3n de Acuerdos del Palacio Municipal, el acto tambi\u00e9n cont\u00f3 con la participaci\u00f3n de los secretarios de Coordinaci\u00f3n de Gabinete, Alejandra Yoshitake; de Gobierno, N\u00e9stor Machado y de Econom\u00eda, Nicol\u00e1s Sleibe; entre otros funcionarios.<\/p>\n\n\n\n<p>En este sentido, la jefa comunal indic\u00f3 que \u00abes un honor para la ciudad y los vecinos santiague\u00f1os recibir la visita del monse\u00f1or Torrado Mosconi, quien ha realizado aportes muy valiosos a la iglesia y la religiosidad durante su gesti\u00f3n al frente del obispado de nuestra di\u00f3cesis\u00bb.<\/p>\n\n\n\n<p>\u00abEs muy gratificante saber que el monse\u00f1or tiene siempre presente en su memoria y su coraz\u00f3n a nuestro pueblo, valorando siempre nuestras ra\u00edces y costumbres y compartiendo con nuestra gesti\u00f3n la misi\u00f3n de cuidar el medio ambiente, en concordancia con lo que plantea el Papa Francisco en su enc\u00edclica Laudato S\u00ed\u00bb, se\u00f1al\u00f3.<\/p>\n\n\n\n<p>Por su parte, Torrado Mosconi manifest\u00f3 sentir \u00abun cari\u00f1o enorme por la gente de Santiago del Estero, de quienes he aprendido much\u00edsimo sobre su riqueza espiritual y cultural y, en todo momento, me han brindado el mayor de sus respetos y su calidez humana\u00bb.<\/p>\n\n\n\n<p>\u00abAgradezco al municipio por tan afectuoso recibimiento y me enorgullece formar parte de este mes de celebraciones, que es la \u00e9poca ideal para valorar nuestra cultura y fortalecer los lazos de uni\u00f3n y solidaridad con los dem\u00e1s\u00bb, afirm\u00f3.<\/p>\n","protected":false},"excerpt":{"rendered":"<p>La intendente de la Capital, Ing. Norma Fuentes, distingui\u00f3 como visitante ilustre de la ciudad a monse\u00f1or Ariel Torrado Mosconi, quien actualmente es obispo de la Di\u00f3cesis de 9 de Julio en Buenos Aires, pero previamente se desempe\u00f1\u00f3 como obispo auxiliar de la Di\u00f3cesis de Santiago del Estero, desde 2009 hasta 2015.<\/p>\n","protected":false},"author":2,"featured_media":42778,"comment_status":"open","ping_status":"open","sticky":false,"template":"","format":"standard","meta":{"om_disable_all_campaigns":false,"_monsterinsights_skip_tracking":false,"_monsterinsights_sitenote_active":false,"_monsterinsights_sitenote_note":"","_monsterinsights_sitenote_category":0,"_uf_show_specific_survey":0,"_uf_disable_surveys":false,"jetpack_post_was_ever_published":false,"_jetpack_newsletter_access":"","_jetpack_dont_email_post_to_subs":false,"_jetpack_newsletter_tier_id":0,"_jetpack_memberships_contains_paywalled_content":false,"_jetpack_memberships_contains_paid_content":false,"footnotes":"","jetpack_publicize_message":"","jetpack_publicize_feature_enabled":true,"jetpack_social_post_already_shared":false,"jetpack_social_options":{"image_generator_settings":{"template":"highway","default_image_id":0,"font":"","enabled":false},"version":2}},"categories":[21],"tags":[],"class_list":["post-42777","post","type-post","status-publish","format-standard","has-post-thumbnail","hentry","category-locales"],"aioseo_notices":[],"views":7,"jetpack_publicize_connections":[],"jetpack_featured_media_url":"https:\/\/i0.wp.com\/elterritorialweb.com.ar\/web\/wp-content\/uploads\/2022\/07\/Torrado-Mosconi.jpg?fit=1280%2C854","jetpack_sharing_enabled":true,"_links":{"self":[{"href":"http:\/\/elterritorialweb.com.ar\/web\/wp-json\/wp\/v2\/posts\/42777","targetHints":{"allow":["GET"]}}],"collection":[{"href":"http:\/\/elterritorialweb.com.ar\/web\/wp-json\/wp\/v2\/posts"}],"about":[{"href":"http:\/\/elterritorialweb.com.ar\/web\/wp-json\/wp\/v2\/types\/post"}],"author":[{"embeddable":true,"href":"http:\/\/elterritorialweb.com.ar\/web\/wp-json\/wp\/v2\/users\/2"}],"replies":[{"embeddable":true,"href":"http:\/\/elterritorialweb.com.ar\/web\/wp-json\/wp\/v2\/comments?post=42777"}],"version-history":[{"count":1,"href":"http:\/\/elterritorialweb.com.ar\/web\/wp-json\/wp\/v2\/posts\/42777\/revisions"}],"predecessor-version":[{"id":42779,"href":"http:\/\/elterritorialweb.com.ar\/web\/wp-json\/wp\/v2\/posts\/42777\/revisions\/42779"}],"wp:featuredmedia":[{"embeddable":true,"href":"http:\/\/elterritorialweb.com.ar\/web\/wp-json\/wp\/v2\/media\/42778"}],"wp:attachment":[{"href":"http:\/\/elterritorialweb.com.ar\/web\/wp-json\/wp\/v2\/media?parent=42777"}],"wp:term":[{"taxonomy":"category","embeddable":true,"href":"http:\/\/elterritorialweb.com.ar\/web\/wp-json\/wp\/v2\/categories?post=42777"},{"taxonomy":"post_tag","embeddable":true,"href":"http:\/\/elterritorialweb.com.ar\/web\/wp-json\/wp\/v2\/tags?post=42777"}],"curies":[{"name":"wp","href":"https:\/\/api.w.org\/{rel}","templated":true}]}}