{"id":42787,"date":"2022-07-26T20:49:36","date_gmt":"2022-07-26T20:49:36","guid":{"rendered":"http:\/\/elterritorialweb.com.ar\/web\/?p=42787"},"modified":"2022-07-26T20:49:36","modified_gmt":"2022-07-26T20:49:36","slug":"prorrogan-hasta-el-31-de-julio-la-inscripcion-para-acceder-a-los-subsidios-a-la-energia","status":"publish","type":"post","link":"http:\/\/elterritorialweb.com.ar\/web\/prorrogan-hasta-el-31-de-julio-la-inscripcion-para-acceder-a-los-subsidios-a-la-energia\/","title":{"rendered":"PRORROGAN HASTA EL 31 DE JULIO, LA INSCRIPCI\u00d3N PARA ACCEDER A LOS SUBSIDIOS A LA ENERG\u00cdA"},"content":{"rendered":"\n<p>El Gobierno anunci\u00f3 este martes que decidi\u00f3 prorrogar hasta el 31 de julio el plazo para que los usuarios de electricidad y gas natural se inscriban en el Registro de Acceso a los Subsidios a la Energ\u00eda (RASE), con el objetivo de que puedan hacerlo aquellos hogares que a\u00fan no completaron el formulario de segmentaci\u00f3n.<\/p>\n\n\n\n<p>El formulario est\u00e1 disponible en la p\u00e1gina&nbsp;<a href=\"http:\/\/www.argentina.gob.ar\/subsidios\" target=\"_blank\" rel=\"noreferrer noopener\">web<\/a>, que ya tuvo un total de 28.656.102 visitas.<\/p>\n\n\n\n<p>De esta forma, desde la medianoche del martes -cuando&nbsp;finaliza el registro para quienes tienen DNI terminado en 6, 7, 8 y 9-&nbsp;y hasta el domingo 31 de julio inclusive, los usuarios podr\u00e1n completar el formulario de manera virtual todas las personas que a\u00fan no pudieron hacerlo con cualquier n\u00famero de DNI.<\/p>\n\n\n\n<p>Hasta ahora,\u00a0un total de 6.007.710 hogares completaron el formulario\u00a0para mantener los subsidios de energ\u00eda y gas.<\/p>\n\n\n\n<p>En el caso espec\u00edfico de los usuarios con DNI terminado en 6,7,8 y 9, el total de inscriptos hasta el momento fue de 2.391.776 hogares.<\/p>\n\n\n\n<p>De ese total, 101.200 pertenecen a la tarifa 1, de ingresos altos, que ir\u00e1n perdiendo los subsidios gradualmente; 1.323.046 pertenecen a la tarifa 2, de ingresos bajos, que mantendr\u00e1n los subsidios, al igual que los 967.530 que pertenecen a la tarifa 3, de ingresos medios.<\/p>\n","protected":false},"excerpt":{"rendered":"<p>Con el objetivo de que quienes a\u00fan no hayan podido realizar el tr\u00e1mite logren completar el formulario de segmentaci\u00f3n, se extendi\u00f3 hasta el 31 de julio la chance para anotarse en el Registro de Acceso a los Subsidios a la Energ\u00eda (RASE).<\/p>\n","protected":false},"author":2,"featured_media":42788,"comment_status":"open","ping_status":"open","sticky":false,"template":"","format":"standard","meta":{"om_disable_all_campaigns":false,"_monsterinsights_skip_tracking":false,"_monsterinsights_sitenote_active":false,"_monsterinsights_sitenote_note":"","_monsterinsights_sitenote_category":0,"_uf_show_specific_survey":0,"_uf_disable_surveys":false,"jetpack_post_was_ever_published":false,"_jetpack_newsletter_access":"","_jetpack_dont_email_post_to_subs":false,"_jetpack_newsletter_tier_id":0,"_jetpack_memberships_contains_paywalled_content":false,"_jetpack_memberships_contains_paid_content":false,"footnotes":"","jetpack_publicize_message":"","jetpack_publicize_feature_enabled":true,"jetpack_social_post_already_shared":false,"jetpack_social_options":{"image_generator_settings":{"template":"highway","default_image_id":0,"font":"","enabled":false},"version":2}},"categories":[4,2],"tags":[],"class_list":["post-42787","post","type-post","status-publish","format-standard","has-post-thumbnail","hentry","category-destacadas","category-economia"],"aioseo_notices":[],"views":5,"jetpack_publicize_connections":[],"jetpack_featured_media_url":"https:\/\/i0.wp.com\/elterritorialweb.com.ar\/web\/wp-content\/uploads\/2022\/07\/SUBSIDIO-DE-LUZ-Y-GAS.jpg?fit=780%2C470","jetpack_sharing_enabled":true,"_links":{"self":[{"href":"http:\/\/elterritorialweb.com.ar\/web\/wp-json\/wp\/v2\/posts\/42787","targetHints":{"allow":["GET"]}}],"collection":[{"href":"http:\/\/elterritorialweb.com.ar\/web\/wp-json\/wp\/v2\/posts"}],"about":[{"href":"http:\/\/elterritorialweb.com.ar\/web\/wp-json\/wp\/v2\/types\/post"}],"author":[{"embeddable":true,"href":"http:\/\/elterritorialweb.com.ar\/web\/wp-json\/wp\/v2\/users\/2"}],"replies":[{"embeddable":true,"href":"http:\/\/elterritorialweb.com.ar\/web\/wp-json\/wp\/v2\/comments?post=42787"}],"version-history":[{"count":1,"href":"http:\/\/elterritorialweb.com.ar\/web\/wp-json\/wp\/v2\/posts\/42787\/revisions"}],"predecessor-version":[{"id":42789,"href":"http:\/\/elterritorialweb.com.ar\/web\/wp-json\/wp\/v2\/posts\/42787\/revisions\/42789"}],"wp:featuredmedia":[{"embeddable":true,"href":"http:\/\/elterritorialweb.com.ar\/web\/wp-json\/wp\/v2\/media\/42788"}],"wp:attachment":[{"href":"http:\/\/elterritorialweb.com.ar\/web\/wp-json\/wp\/v2\/media?parent=42787"}],"wp:term":[{"taxonomy":"category","embeddable":true,"href":"http:\/\/elterritorialweb.com.ar\/web\/wp-json\/wp\/v2\/categories?post=42787"},{"taxonomy":"post_tag","embeddable":true,"href":"http:\/\/elterritorialweb.com.ar\/web\/wp-json\/wp\/v2\/tags?post=42787"}],"curies":[{"name":"wp","href":"https:\/\/api.w.org\/{rel}","templated":true}]}}