{"id":42790,"date":"2022-07-26T21:28:17","date_gmt":"2022-07-26T21:28:17","guid":{"rendered":"http:\/\/elterritorialweb.com.ar\/web\/?p=42790"},"modified":"2022-07-26T21:28:32","modified_gmt":"2022-07-26T21:28:32","slug":"el-ministerio-de-salud-advierte-a-la-comunidad-por-estafas-telefonicas","status":"publish","type":"post","link":"http:\/\/elterritorialweb.com.ar\/web\/el-ministerio-de-salud-advierte-a-la-comunidad-por-estafas-telefonicas\/","title":{"rendered":"EL MINISTERIO DE SALUD ADVIERTE A LA COMUNIDAD POR ESTAFAS TELEF\u00d3NICAS"},"content":{"rendered":"\n<p>El&nbsp;<strong>Ministerio de Salud de Santiago<\/strong>&nbsp;emiti\u00f3 un comunicado en el cual advierte a la comunidad sobre un&nbsp;<strong>nuevo modus operandi en materia de estafas telef\u00f3nicas.<\/strong><\/p>\n\n\n\n<p>El mismo consiste en\u00a0<strong>llamadas y mensajes por WhatsApp de una cuenta falsa solicitando informaci\u00f3n personal para agendar un turno para ser inoculado contra el coronavirus.<\/strong><\/p>\n\n\n\n<p>\u00abAdvertimos a la comunidad que se han llevado a cabo llamadas y mensajes mal intencionados solicitando informaci\u00f3n personal a cambio de un turno para vacunaci\u00f3n contra COVID-19\u00bb, explic\u00f3 la cartera sanitaria local.<\/p>\n\n\n\n<p>Seguidamente agregaron:&nbsp;<strong>\u00abEl Ministerio de Salud aclara que no est\u00e1 realizando ning\u00fan tipo de llamado telef\u00f3nico ni por WhatsApp para el otorgamiento de turnos\u00bb.<\/strong><\/p>\n\n\n\n<p>Para conocer los vacunatorios habilitados en toda la provincia se puede acceder a la&nbsp;<a href=\"http:\/\/msaludsgo.gov.ar\/web\/campana-de-vacunacion-covid-19\/\" rel=\"noreferrer noopener\" target=\"_blank\"><strong>p\u00e1gina oficial del Ministerio de Salud de Santiago del Estero haciendo click aqu\u00ed.<\/strong><\/a><\/p>\n","protected":false},"excerpt":{"rendered":"<p>Los delincuentes solicitan informaci\u00f3n personal de la v\u00edctima con la excusa de agendar un turno para ser vacunados contra el coronavirus.<\/p>\n","protected":false},"author":2,"featured_media":42791,"comment_status":"open","ping_status":"open","sticky":false,"template":"","format":"standard","meta":{"om_disable_all_campaigns":false,"_monsterinsights_skip_tracking":false,"_monsterinsights_sitenote_active":false,"_monsterinsights_sitenote_note":"","_monsterinsights_sitenote_category":0,"_uf_show_specific_survey":0,"_uf_disable_surveys":false,"jetpack_post_was_ever_published":false,"_jetpack_newsletter_access":"","_jetpack_dont_email_post_to_subs":false,"_jetpack_newsletter_tier_id":0,"_jetpack_memberships_contains_paywalled_content":false,"_jetpack_memberships_contains_paid_content":false,"footnotes":"","jetpack_publicize_message":"","jetpack_publicize_feature_enabled":true,"jetpack_social_post_already_shared":false,"jetpack_social_options":{"image_generator_settings":{"template":"highway","default_image_id":0,"font":"","enabled":false},"version":2}},"categories":[21],"tags":[],"class_list":["post-42790","post","type-post","status-publish","format-standard","has-post-thumbnail","hentry","category-locales"],"aioseo_notices":[],"views":7,"jetpack_publicize_connections":[],"jetpack_featured_media_url":"https:\/\/i0.wp.com\/elterritorialweb.com.ar\/web\/wp-content\/uploads\/2022\/07\/MINISTERIO-ADVIERTE-LLAMADAS.jpg?fit=1010%2C567","jetpack_sharing_enabled":true,"_links":{"self":[{"href":"http:\/\/elterritorialweb.com.ar\/web\/wp-json\/wp\/v2\/posts\/42790","targetHints":{"allow":["GET"]}}],"collection":[{"href":"http:\/\/elterritorialweb.com.ar\/web\/wp-json\/wp\/v2\/posts"}],"about":[{"href":"http:\/\/elterritorialweb.com.ar\/web\/wp-json\/wp\/v2\/types\/post"}],"author":[{"embeddable":true,"href":"http:\/\/elterritorialweb.com.ar\/web\/wp-json\/wp\/v2\/users\/2"}],"replies":[{"embeddable":true,"href":"http:\/\/elterritorialweb.com.ar\/web\/wp-json\/wp\/v2\/comments?post=42790"}],"version-history":[{"count":2,"href":"http:\/\/elterritorialweb.com.ar\/web\/wp-json\/wp\/v2\/posts\/42790\/revisions"}],"predecessor-version":[{"id":42793,"href":"http:\/\/elterritorialweb.com.ar\/web\/wp-json\/wp\/v2\/posts\/42790\/revisions\/42793"}],"wp:featuredmedia":[{"embeddable":true,"href":"http:\/\/elterritorialweb.com.ar\/web\/wp-json\/wp\/v2\/media\/42791"}],"wp:attachment":[{"href":"http:\/\/elterritorialweb.com.ar\/web\/wp-json\/wp\/v2\/media?parent=42790"}],"wp:term":[{"taxonomy":"category","embeddable":true,"href":"http:\/\/elterritorialweb.com.ar\/web\/wp-json\/wp\/v2\/categories?post=42790"},{"taxonomy":"post_tag","embeddable":true,"href":"http:\/\/elterritorialweb.com.ar\/web\/wp-json\/wp\/v2\/tags?post=42790"}],"curies":[{"name":"wp","href":"https:\/\/api.w.org\/{rel}","templated":true}]}}