{"id":42826,"date":"2022-07-27T17:42:27","date_gmt":"2022-07-27T17:42:27","guid":{"rendered":"http:\/\/elterritorialweb.com.ar\/web\/?p=42826"},"modified":"2022-07-27T17:42:27","modified_gmt":"2022-07-27T17:42:27","slug":"gran-participacion-de-pichoncito-santillan-en-el-mundial-de-bicicross","status":"publish","type":"post","link":"http:\/\/elterritorialweb.com.ar\/web\/gran-participacion-de-pichoncito-santillan-en-el-mundial-de-bicicross\/","title":{"rendered":"GRAN PARTICIPACI\u00d3N DE \u00abPICHONCITO\u00bb SANTILLAN EN EL MUNDIAL DE BICICROSS"},"content":{"rendered":"\n<p>Hern\u00e1n Santill\u00e1n hizo posible su primer gran sue\u00f1o en el Campeonato del Mundo de Bicicross que empez\u00f3 a desarrollarse ayer en la ciudad de Nantes, Francia. El riders santiague\u00f1o festej\u00f3 por partida doble ya que se ubic\u00f3 en el quinto lugar en la categor\u00eda Cruceros (de 25 a 29 a\u00f1os) y se dio el gusto de volver a instalar a Santiago del Estero en el podio de una final despu\u00e9s de 12 a\u00f1os. El \u00faltimo hab\u00eda sido Stefano Fini quien ya se retir\u00f3 de la actividad.<\/p>\n\n\n\n<p>\u201cQue d\u00eda me toc\u00f3 vivir. Un mundial m\u00e1s, una final m\u00e1s para mi pa\u00eds y mi Santiago querido. Despu\u00e9s de 3 semanas casi sin dormir, 2 d\u00edas y medios de viajes entre aeropuertos y ruta, Dios me concedi\u00f3 el deseo del primer objetivo que fue volver a estar en una final del mundo y esta vez en Cruceros\u201d, poste\u00f3 \u201cPichoncito\u201d en sus redes sociales y reflejando toda su alegr\u00eda por la brillante labor que cumpli\u00f3 en la primera jornada del Mundial de BMX que empez\u00f3 a ofrecer sus competencias ayer.&nbsp;<\/p>\n\n\n\n<p>Tambi\u00e9n volvi\u00f3 a agradecer a toda la gente que lo apoy\u00f3 para asistir a la cita mundialista y a todas las personas que le hicieron el aguante siguiendo por las redes sociales la transmisi\u00f3n de la carrera.<\/p>\n\n\n\n<p>El pr\u00f3ximo desaf\u00edo de Santill\u00e1n ser\u00e1 el jueves, cuando compita en la categor\u00eda Challenger, la prueba principal y en la que tendr\u00e1 como rivales a los mejores pilotos del mundo.<\/p>\n","protected":false},"excerpt":{"rendered":"<p>El riders santiague\u00f1o festej\u00f3 por partida doble en el Viejo Continente.<\/p>\n","protected":false},"author":2,"featured_media":42827,"comment_status":"open","ping_status":"open","sticky":false,"template":"","format":"standard","meta":{"om_disable_all_campaigns":false,"_monsterinsights_skip_tracking":false,"_monsterinsights_sitenote_active":false,"_monsterinsights_sitenote_note":"","_monsterinsights_sitenote_category":0,"_uf_show_specific_survey":0,"_uf_disable_surveys":false,"jetpack_post_was_ever_published":false,"_jetpack_newsletter_access":"","_jetpack_dont_email_post_to_subs":false,"_jetpack_newsletter_tier_id":0,"_jetpack_memberships_contains_paywalled_content":false,"_jetpack_memberships_contains_paid_content":false,"footnotes":"","jetpack_publicize_message":"","jetpack_publicize_feature_enabled":true,"jetpack_social_post_already_shared":false,"jetpack_social_options":{"image_generator_settings":{"template":"highway","default_image_id":0,"font":"","enabled":false},"version":2}},"categories":[6],"tags":[],"class_list":["post-42826","post","type-post","status-publish","format-standard","has-post-thumbnail","hentry","category-deportes"],"aioseo_notices":[],"views":6,"jetpack_publicize_connections":[],"jetpack_featured_media_url":"https:\/\/i0.wp.com\/elterritorialweb.com.ar\/web\/wp-content\/uploads\/2022\/07\/PICHONCITO-SANTILLAN.jpg?fit=720%2C405","jetpack_sharing_enabled":true,"_links":{"self":[{"href":"http:\/\/elterritorialweb.com.ar\/web\/wp-json\/wp\/v2\/posts\/42826","targetHints":{"allow":["GET"]}}],"collection":[{"href":"http:\/\/elterritorialweb.com.ar\/web\/wp-json\/wp\/v2\/posts"}],"about":[{"href":"http:\/\/elterritorialweb.com.ar\/web\/wp-json\/wp\/v2\/types\/post"}],"author":[{"embeddable":true,"href":"http:\/\/elterritorialweb.com.ar\/web\/wp-json\/wp\/v2\/users\/2"}],"replies":[{"embeddable":true,"href":"http:\/\/elterritorialweb.com.ar\/web\/wp-json\/wp\/v2\/comments?post=42826"}],"version-history":[{"count":1,"href":"http:\/\/elterritorialweb.com.ar\/web\/wp-json\/wp\/v2\/posts\/42826\/revisions"}],"predecessor-version":[{"id":42828,"href":"http:\/\/elterritorialweb.com.ar\/web\/wp-json\/wp\/v2\/posts\/42826\/revisions\/42828"}],"wp:featuredmedia":[{"embeddable":true,"href":"http:\/\/elterritorialweb.com.ar\/web\/wp-json\/wp\/v2\/media\/42827"}],"wp:attachment":[{"href":"http:\/\/elterritorialweb.com.ar\/web\/wp-json\/wp\/v2\/media?parent=42826"}],"wp:term":[{"taxonomy":"category","embeddable":true,"href":"http:\/\/elterritorialweb.com.ar\/web\/wp-json\/wp\/v2\/categories?post=42826"},{"taxonomy":"post_tag","embeddable":true,"href":"http:\/\/elterritorialweb.com.ar\/web\/wp-json\/wp\/v2\/tags?post=42826"}],"curies":[{"name":"wp","href":"https:\/\/api.w.org\/{rel}","templated":true}]}}