{"id":42835,"date":"2022-07-27T19:11:43","date_gmt":"2022-07-27T19:11:43","guid":{"rendered":"http:\/\/elterritorialweb.com.ar\/web\/?p=42835"},"modified":"2022-07-27T19:11:43","modified_gmt":"2022-07-27T19:11:43","slug":"sofia-navarro-recibio-el-apoyo-de-mirolo-en-nueva-esperanza","status":"publish","type":"post","link":"http:\/\/elterritorialweb.com.ar\/web\/sofia-navarro-recibio-el-apoyo-de-mirolo-en-nueva-esperanza\/","title":{"rendered":"SOFIA NAVARRO RECIBI\u00d3 EL APOYO DE MIROLO EN NUEVA ESPERANZA"},"content":{"rendered":"\n<p>En la oportunidad, Mirolo destac\u00f3 \u201cSofi, tiene 26 a\u00f1os, y actualmente es concejal, y sue\u00f1a con convertirse en la primera intendenta mujer en la historia de Nueva Esperanza, pero sobre todo sue\u00f1a con poder trabajar para que su ciudad cuente con la infraestructura que hoy adolece, calles asfaltadas, desag\u00fces, iluminaci\u00f3n y espacios p\u00fablicos\u201d.<br>Adem\u00e1s, dijo que, \u201cCon Sof\u00eda y todo el equipo del Frente Renovador, vamos a trabajar para que cada uno de estos objetivos se cumplan\u201d.<br>Asimismo, la joven candidata expres\u00f3 que, \u201cAgradezco el apoyo y el acompa\u00f1amiento e invito a todos mis vecinos de Nueva Esperanza a votarme y a sumarse a esta propuesta con empuje a futuro y con vista a brindar oportunidades y crecer como ciudad\u201d.<\/p>\n","protected":false},"excerpt":{"rendered":"<p>El Presidente del Frente Renovador a nivel Nacional, Pablo Mirolo acompa\u00f1\u00f3 a la candidata a intendente por la ciudad de Nueva Esperanza, Sof\u00eda Navarro.<\/p>\n","protected":false},"author":2,"featured_media":42836,"comment_status":"open","ping_status":"open","sticky":false,"template":"","format":"standard","meta":{"om_disable_all_campaigns":false,"_monsterinsights_skip_tracking":false,"_monsterinsights_sitenote_active":false,"_monsterinsights_sitenote_note":"","_monsterinsights_sitenote_category":0,"_uf_show_specific_survey":0,"_uf_disable_surveys":false,"jetpack_post_was_ever_published":false,"_jetpack_newsletter_access":"","_jetpack_dont_email_post_to_subs":false,"_jetpack_newsletter_tier_id":0,"_jetpack_memberships_contains_paywalled_content":false,"_jetpack_memberships_contains_paid_content":false,"footnotes":"","jetpack_publicize_message":"","jetpack_publicize_feature_enabled":true,"jetpack_social_post_already_shared":false,"jetpack_social_options":{"image_generator_settings":{"template":"highway","default_image_id":0,"font":"","enabled":false},"version":2}},"categories":[18],"tags":[],"class_list":["post-42835","post","type-post","status-publish","format-standard","has-post-thumbnail","hentry","category-politica"],"aioseo_notices":[],"views":7,"jetpack_publicize_connections":[],"jetpack_featured_media_url":"https:\/\/i0.wp.com\/elterritorialweb.com.ar\/web\/wp-content\/uploads\/2022\/07\/WhatsApp-Image-2022-07-27-at-6.06.32-PM.jpeg?fit=1124%2C750","jetpack_sharing_enabled":true,"_links":{"self":[{"href":"http:\/\/elterritorialweb.com.ar\/web\/wp-json\/wp\/v2\/posts\/42835","targetHints":{"allow":["GET"]}}],"collection":[{"href":"http:\/\/elterritorialweb.com.ar\/web\/wp-json\/wp\/v2\/posts"}],"about":[{"href":"http:\/\/elterritorialweb.com.ar\/web\/wp-json\/wp\/v2\/types\/post"}],"author":[{"embeddable":true,"href":"http:\/\/elterritorialweb.com.ar\/web\/wp-json\/wp\/v2\/users\/2"}],"replies":[{"embeddable":true,"href":"http:\/\/elterritorialweb.com.ar\/web\/wp-json\/wp\/v2\/comments?post=42835"}],"version-history":[{"count":1,"href":"http:\/\/elterritorialweb.com.ar\/web\/wp-json\/wp\/v2\/posts\/42835\/revisions"}],"predecessor-version":[{"id":42837,"href":"http:\/\/elterritorialweb.com.ar\/web\/wp-json\/wp\/v2\/posts\/42835\/revisions\/42837"}],"wp:featuredmedia":[{"embeddable":true,"href":"http:\/\/elterritorialweb.com.ar\/web\/wp-json\/wp\/v2\/media\/42836"}],"wp:attachment":[{"href":"http:\/\/elterritorialweb.com.ar\/web\/wp-json\/wp\/v2\/media?parent=42835"}],"wp:term":[{"taxonomy":"category","embeddable":true,"href":"http:\/\/elterritorialweb.com.ar\/web\/wp-json\/wp\/v2\/categories?post=42835"},{"taxonomy":"post_tag","embeddable":true,"href":"http:\/\/elterritorialweb.com.ar\/web\/wp-json\/wp\/v2\/tags?post=42835"}],"curies":[{"name":"wp","href":"https:\/\/api.w.org\/{rel}","templated":true}]}}