{"id":42840,"date":"2022-07-27T20:16:52","date_gmt":"2022-07-27T20:16:52","guid":{"rendered":"http:\/\/elterritorialweb.com.ar\/web\/?p=42840"},"modified":"2022-07-27T20:16:52","modified_gmt":"2022-07-27T20:16:52","slug":"nediani-superviso-el-avance-de-la-instalacion-de-la-red-de-agua-potable-en-el-barrio-los-alamos-ii","status":"publish","type":"post","link":"http:\/\/elterritorialweb.com.ar\/web\/nediani-superviso-el-avance-de-la-instalacion-de-la-red-de-agua-potable-en-el-barrio-los-alamos-ii\/","title":{"rendered":"NEDIANI SUPERVIS\u00d3 EL AVANCE DE LA INSTALACI\u00d3N DE LA RED DE AGUA POTABLE EN EL BARRIO LOS \u00c1LAMOS II"},"content":{"rendered":"\n<p>La obra tiene una extensi\u00f3n de 500 metros y llegar\u00e1 hasta el barrio San Juan en un sector que se vio afectado en el \u00faltimo verano debido a la precariedad de la extensi\u00f3n de red de agua potable.<br>Al respecto, Nediani manifest\u00f3: \u201cEstas acciones son impulsadas con el objetivo de mejorar la calidad de vida de los vecinos de este sector quienes solicitaron meses atr\u00e1s el apoyo de la comuna para acceder de una forma m\u00e1s afectiva al servicio de agua potable\u201d<br>Agreg\u00f3: \u201cNo solo pudimos recorrer la ejecuci\u00f3n de la obra sino que tambi\u00e9n pudimos dialogar con los vecinos ya que buscamos fortalecer el v\u00ednculo con los vecinos quienes nos presentaron otras necesidades que hay en el sector como la faltante de alumbrado p\u00fablico ante lo que asumimos el compromiso de acompa\u00f1ar las gestiones ante el ente regulador de la provincia para que se concreten las instalaciones necesarias para poder solucionar este problema\u201d.<\/p>\n\n\n\n<figure class=\"wp-block-image size-large\"><a href=\"https:\/\/i0.wp.com\/elterritorialweb.com.ar\/web\/wp-content\/uploads\/2022\/07\/WhatsApp-Image-2022-07-27-at-8.43.39-PM.jpeg\"><img data-recalc-dims=\"1\" decoding=\"async\" width=\"640\" height=\"423\" data-src=\"https:\/\/i0.wp.com\/elterritorialweb.com.ar\/web\/wp-content\/uploads\/2022\/07\/WhatsApp-Image-2022-07-27-at-8.43.39-PM.jpeg?resize=640%2C423\" alt=\"\" class=\"wp-image-42842 lazyload\" data-srcset=\"https:\/\/i0.wp.com\/elterritorialweb.com.ar\/web\/wp-content\/uploads\/2022\/07\/WhatsApp-Image-2022-07-27-at-8.43.39-PM.jpeg?resize=1024%2C677 1024w, https:\/\/i0.wp.com\/elterritorialweb.com.ar\/web\/wp-content\/uploads\/2022\/07\/WhatsApp-Image-2022-07-27-at-8.43.39-PM.jpeg?resize=300%2C198 300w, https:\/\/i0.wp.com\/elterritorialweb.com.ar\/web\/wp-content\/uploads\/2022\/07\/WhatsApp-Image-2022-07-27-at-8.43.39-PM.jpeg?resize=768%2C508 768w, https:\/\/i0.wp.com\/elterritorialweb.com.ar\/web\/wp-content\/uploads\/2022\/07\/WhatsApp-Image-2022-07-27-at-8.43.39-PM.jpeg?w=1150 1150w\" data-sizes=\"(max-width: 640px) 100vw, 640px\" src=\"data:image\/svg+xml;base64,PHN2ZyB3aWR0aD0iMSIgaGVpZ2h0PSIxIiB4bWxucz0iaHR0cDovL3d3dy53My5vcmcvMjAwMC9zdmciPjwvc3ZnPg==\" style=\"--smush-placeholder-width: 640px; --smush-placeholder-aspect-ratio: 640\/423;\" \/><\/a><\/figure>\n\n\n\n<p>Finaliz\u00f3: \u201cComo muchos otros este es un sector que est\u00e1 en crecimiento, que se ha ido poblando a pasos acelerados y de a poco estamos prestando los servicios y las obras necesarias para brindarles las mayores comodidades posibles a los vecinos\u201d.<\/p>\n","protected":false},"excerpt":{"rendered":"<p>El intendente Roger Nediani visit\u00f3 la obra de readecuaci\u00f3n de la red de agua potable del barrio Los \u00c1lamos II para efectivizar el servicio de las conexiones ubicadas sobre calle Domingo Ju\u00e1rez desde calle 1002 hasta la 1007.<\/p>\n","protected":false},"author":2,"featured_media":42841,"comment_status":"open","ping_status":"open","sticky":false,"template":"","format":"standard","meta":{"om_disable_all_campaigns":false,"_monsterinsights_skip_tracking":false,"_monsterinsights_sitenote_active":false,"_monsterinsights_sitenote_note":"","_monsterinsights_sitenote_category":0,"_uf_show_specific_survey":0,"_uf_disable_surveys":false,"jetpack_post_was_ever_published":false,"_jetpack_newsletter_access":"","_jetpack_dont_email_post_to_subs":false,"_jetpack_newsletter_tier_id":0,"_jetpack_memberships_contains_paywalled_content":false,"_jetpack_memberships_contains_paid_content":false,"footnotes":"","jetpack_publicize_message":"","jetpack_publicize_feature_enabled":true,"jetpack_social_post_already_shared":false,"jetpack_social_options":{"image_generator_settings":{"template":"highway","default_image_id":0,"font":"","enabled":false},"version":2}},"categories":[21],"tags":[],"class_list":["post-42840","post","type-post","status-publish","format-standard","has-post-thumbnail","hentry","category-locales"],"aioseo_notices":[],"views":6,"jetpack_publicize_connections":[],"jetpack_featured_media_url":"https:\/\/i0.wp.com\/elterritorialweb.com.ar\/web\/wp-content\/uploads\/2022\/07\/WhatsApp-Image-2022-07-27-at-8.43.39-PM-1.jpeg?fit=1150%2C760","jetpack_sharing_enabled":true,"_links":{"self":[{"href":"http:\/\/elterritorialweb.com.ar\/web\/wp-json\/wp\/v2\/posts\/42840","targetHints":{"allow":["GET"]}}],"collection":[{"href":"http:\/\/elterritorialweb.com.ar\/web\/wp-json\/wp\/v2\/posts"}],"about":[{"href":"http:\/\/elterritorialweb.com.ar\/web\/wp-json\/wp\/v2\/types\/post"}],"author":[{"embeddable":true,"href":"http:\/\/elterritorialweb.com.ar\/web\/wp-json\/wp\/v2\/users\/2"}],"replies":[{"embeddable":true,"href":"http:\/\/elterritorialweb.com.ar\/web\/wp-json\/wp\/v2\/comments?post=42840"}],"version-history":[{"count":1,"href":"http:\/\/elterritorialweb.com.ar\/web\/wp-json\/wp\/v2\/posts\/42840\/revisions"}],"predecessor-version":[{"id":42843,"href":"http:\/\/elterritorialweb.com.ar\/web\/wp-json\/wp\/v2\/posts\/42840\/revisions\/42843"}],"wp:featuredmedia":[{"embeddable":true,"href":"http:\/\/elterritorialweb.com.ar\/web\/wp-json\/wp\/v2\/media\/42841"}],"wp:attachment":[{"href":"http:\/\/elterritorialweb.com.ar\/web\/wp-json\/wp\/v2\/media?parent=42840"}],"wp:term":[{"taxonomy":"category","embeddable":true,"href":"http:\/\/elterritorialweb.com.ar\/web\/wp-json\/wp\/v2\/categories?post=42840"},{"taxonomy":"post_tag","embeddable":true,"href":"http:\/\/elterritorialweb.com.ar\/web\/wp-json\/wp\/v2\/tags?post=42840"}],"curies":[{"name":"wp","href":"https:\/\/api.w.org\/{rel}","templated":true}]}}