{"id":42871,"date":"2022-07-28T01:17:09","date_gmt":"2022-07-28T01:17:09","guid":{"rendered":"http:\/\/elterritorialweb.com.ar\/web\/?p=42871"},"modified":"2022-07-28T01:29:00","modified_gmt":"2022-07-28T01:29:00","slug":"baglieto-y-vitale-se-presentaran-en-la-explanada-del-forum","status":"publish","type":"post","link":"http:\/\/elterritorialweb.com.ar\/web\/baglieto-y-vitale-se-presentaran-en-la-explanada-del-forum\/","title":{"rendered":"BAGLIETO Y VITALE SE PRESENTAR\u00c1N EN LA EXPLANADA DEL F\u00d3RUM"},"content":{"rendered":"\n<p>Con un concierto \u00fanico, al aire libre, para ir cerrando las \u00faltimas actividades culturales y art\u00edsticas del mes de festejos de la ciudad, Juan Carlos Baglietto y Lito Vitale se presentar\u00e1n en la plaza seca del F\u00f3rum, el pr\u00f3ximo s\u00e1bado 30 de julio, en un evento con entrada libre y gratuita.<\/p>\n\n\n\n<p>El espect\u00e1culo, organizado por la Municipalidad de la Capital, con el nombre de Baglietto &amp; Vitale, dar\u00e1 comienzo a las 22 horas, con un repertorio de sus temas cl\u00e1sicos de los dos reconocidos m\u00fasicos.<\/p>\n","protected":false},"excerpt":{"rendered":"<p>Desde la comuna capitalina informaron que los m\u00fasicos se presentar\u00e1n el pr\u00f3ximo s\u00e1bado 30 de julio en la explanada del F\u00f3rum<\/p>\n","protected":false},"author":2,"featured_media":42872,"comment_status":"open","ping_status":"open","sticky":false,"template":"","format":"standard","meta":{"om_disable_all_campaigns":false,"_monsterinsights_skip_tracking":false,"_monsterinsights_sitenote_active":false,"_monsterinsights_sitenote_note":"","_monsterinsights_sitenote_category":0,"_uf_show_specific_survey":0,"_uf_disable_surveys":false,"jetpack_post_was_ever_published":false,"_jetpack_newsletter_access":"","_jetpack_dont_email_post_to_subs":false,"_jetpack_newsletter_tier_id":0,"_jetpack_memberships_contains_paywalled_content":false,"_jetpack_memberships_contains_paid_content":false,"footnotes":"","jetpack_publicize_message":"","jetpack_publicize_feature_enabled":true,"jetpack_social_post_already_shared":false,"jetpack_social_options":{"image_generator_settings":{"template":"highway","default_image_id":0,"font":"","enabled":false},"version":2}},"categories":[20],"tags":[],"class_list":["post-42871","post","type-post","status-publish","format-standard","has-post-thumbnail","hentry","category-especysociales"],"aioseo_notices":[],"views":19,"jetpack_publicize_connections":[],"jetpack_featured_media_url":"https:\/\/i0.wp.com\/elterritorialweb.com.ar\/web\/wp-content\/uploads\/2022\/07\/baglieto-vitale.jpg?fit=1024%2C650","jetpack_sharing_enabled":true,"_links":{"self":[{"href":"http:\/\/elterritorialweb.com.ar\/web\/wp-json\/wp\/v2\/posts\/42871","targetHints":{"allow":["GET"]}}],"collection":[{"href":"http:\/\/elterritorialweb.com.ar\/web\/wp-json\/wp\/v2\/posts"}],"about":[{"href":"http:\/\/elterritorialweb.com.ar\/web\/wp-json\/wp\/v2\/types\/post"}],"author":[{"embeddable":true,"href":"http:\/\/elterritorialweb.com.ar\/web\/wp-json\/wp\/v2\/users\/2"}],"replies":[{"embeddable":true,"href":"http:\/\/elterritorialweb.com.ar\/web\/wp-json\/wp\/v2\/comments?post=42871"}],"version-history":[{"count":2,"href":"http:\/\/elterritorialweb.com.ar\/web\/wp-json\/wp\/v2\/posts\/42871\/revisions"}],"predecessor-version":[{"id":42874,"href":"http:\/\/elterritorialweb.com.ar\/web\/wp-json\/wp\/v2\/posts\/42871\/revisions\/42874"}],"wp:featuredmedia":[{"embeddable":true,"href":"http:\/\/elterritorialweb.com.ar\/web\/wp-json\/wp\/v2\/media\/42872"}],"wp:attachment":[{"href":"http:\/\/elterritorialweb.com.ar\/web\/wp-json\/wp\/v2\/media?parent=42871"}],"wp:term":[{"taxonomy":"category","embeddable":true,"href":"http:\/\/elterritorialweb.com.ar\/web\/wp-json\/wp\/v2\/categories?post=42871"},{"taxonomy":"post_tag","embeddable":true,"href":"http:\/\/elterritorialweb.com.ar\/web\/wp-json\/wp\/v2\/tags?post=42871"}],"curies":[{"name":"wp","href":"https:\/\/api.w.org\/{rel}","templated":true}]}}