{"id":42889,"date":"2022-07-29T02:03:58","date_gmt":"2022-07-29T02:03:58","guid":{"rendered":"http:\/\/elterritorialweb.com.ar\/web\/?p=42889"},"modified":"2022-07-29T02:05:51","modified_gmt":"2022-07-29T02:05:51","slug":"fuentes-encabezo-el-acto-de-los-64-anos-de-la-direccion-de-obras-publicas","status":"publish","type":"post","link":"http:\/\/elterritorialweb.com.ar\/web\/fuentes-encabezo-el-acto-de-los-64-anos-de-la-direccion-de-obras-publicas\/","title":{"rendered":"FUENTES ENCABEZ\u00d3 EL ACTO DE LOS 64 A\u00d1OS DE LA DIRECCI\u00d3N DE OBRAS P\u00daBLICAS"},"content":{"rendered":"\n<p>En esta oportunidad, estuvo acompa\u00f1ada por los secretarios de Coordinaci\u00f3n de Gabinete, Alejandra Yoshitake y de Planeamiento, Obras y Servicios P\u00fablicos, Jorge Vila; adem\u00e1s del director y subdirector de Obras P\u00fablicas, Hugo Sequeira y Marcelo Alcorta; respectivamente.<\/p>\n\n\n\n<p>Durante la ceremonia, se reconoci\u00f3 la labor de los empleados que accedieron al beneficio de la jubilaci\u00f3n y se brind\u00f3 un emotivo homenaje a los que perdieron la vida por el Covid-19 durante los \u00faltimos a\u00f1os.<\/p>\n\n\n\n<p>Al saludar al personal de la repartici\u00f3n, la jefa comunal afirm\u00f3 que \u00abel prop\u00f3sito de nuestra gesti\u00f3n es seguir trabajando junto a ustedes para continuar construyendo una ciudad que nos enorgullezca a todos\u00bb.<\/p>\n\n\n\n<p>\u00abDeseo que este nuevo aniversario nos encuentre felices por haber superado la peor etapa de la pandemia y nos permita fortalecer el sentimiento de compa\u00f1erismo y solidaridad que caracteriza a la enorme familia municipal\u00bb, expres\u00f3.<\/p>\n\n\n\n<p>Adem\u00e1s, la intendente Fuentes record\u00f3 emotivamente su paso como empleada de esa dependencia, \u00aba la que siempre considerar\u00e9 como mi hogar y donde siempre me sent\u00ed respetada y acompa\u00f1ada por mis pares, con el orgullo de haber sido la primera mujer en ocupar el cargo de directora\u00bb.<\/p>\n\n\n\n<p>Por su parte, Sequeira destac\u00f3 \u00abel excelente desempe\u00f1o de los empleados en la organizaci\u00f3n de las diferentes actividades planificadas para celebrar el 469\u00b0 aniversario de la ciudad, que salieron de la mejor manera posible y que, el a\u00f1o que viene, seguramente saldr\u00e1n a\u00fan mejor\u00bb.<\/p>\n\n\n\n<p>\u00abVamos a renovar los esfuerzos para mantener el crecimiento de la ciudad y ejecutar cada vez m\u00e1s obras de infraestructura en beneficio de los vecinos y de los turistas, que visitan nuestra ciudad con cada vez mayor frecuencia\u00bb, se\u00f1al\u00f3.<\/p>\n","protected":false},"excerpt":{"rendered":"<p>La intendente de la Capital, Ing. Norma Fuentes, encabez\u00f3 el acto de celebraci\u00f3n de los 64 a\u00f1os de vida institucional de la Direcci\u00f3n de Obras P\u00fablicas, donde afirm\u00f3 que el compromiso de la gesti\u00f3n municipal es estar siempre al servicio de los vecinos.<\/p>\n","protected":false},"author":2,"featured_media":42890,"comment_status":"open","ping_status":"open","sticky":false,"template":"","format":"standard","meta":{"om_disable_all_campaigns":false,"_monsterinsights_skip_tracking":false,"_monsterinsights_sitenote_active":false,"_monsterinsights_sitenote_note":"","_monsterinsights_sitenote_category":0,"_uf_show_specific_survey":0,"_uf_disable_surveys":false,"jetpack_post_was_ever_published":false,"_jetpack_newsletter_access":"","_jetpack_dont_email_post_to_subs":false,"_jetpack_newsletter_tier_id":0,"_jetpack_memberships_contains_paywalled_content":false,"_jetpack_memberships_contains_paid_content":false,"footnotes":"","jetpack_publicize_message":"","jetpack_publicize_feature_enabled":true,"jetpack_social_post_already_shared":false,"jetpack_social_options":{"image_generator_settings":{"template":"highway","default_image_id":0,"font":"","enabled":false},"version":2}},"categories":[21],"tags":[],"class_list":["post-42889","post","type-post","status-publish","format-standard","has-post-thumbnail","hentry","category-locales"],"aioseo_notices":[],"views":12,"jetpack_publicize_connections":[],"jetpack_featured_media_url":"https:\/\/i0.wp.com\/elterritorialweb.com.ar\/web\/wp-content\/uploads\/2022\/07\/Intendente-Obras-Publicas-e1659060341658.jpg?fit=890%2C750","jetpack_sharing_enabled":true,"_links":{"self":[{"href":"http:\/\/elterritorialweb.com.ar\/web\/wp-json\/wp\/v2\/posts\/42889","targetHints":{"allow":["GET"]}}],"collection":[{"href":"http:\/\/elterritorialweb.com.ar\/web\/wp-json\/wp\/v2\/posts"}],"about":[{"href":"http:\/\/elterritorialweb.com.ar\/web\/wp-json\/wp\/v2\/types\/post"}],"author":[{"embeddable":true,"href":"http:\/\/elterritorialweb.com.ar\/web\/wp-json\/wp\/v2\/users\/2"}],"replies":[{"embeddable":true,"href":"http:\/\/elterritorialweb.com.ar\/web\/wp-json\/wp\/v2\/comments?post=42889"}],"version-history":[{"count":1,"href":"http:\/\/elterritorialweb.com.ar\/web\/wp-json\/wp\/v2\/posts\/42889\/revisions"}],"predecessor-version":[{"id":42891,"href":"http:\/\/elterritorialweb.com.ar\/web\/wp-json\/wp\/v2\/posts\/42889\/revisions\/42891"}],"wp:featuredmedia":[{"embeddable":true,"href":"http:\/\/elterritorialweb.com.ar\/web\/wp-json\/wp\/v2\/media\/42890"}],"wp:attachment":[{"href":"http:\/\/elterritorialweb.com.ar\/web\/wp-json\/wp\/v2\/media?parent=42889"}],"wp:term":[{"taxonomy":"category","embeddable":true,"href":"http:\/\/elterritorialweb.com.ar\/web\/wp-json\/wp\/v2\/categories?post=42889"},{"taxonomy":"post_tag","embeddable":true,"href":"http:\/\/elterritorialweb.com.ar\/web\/wp-json\/wp\/v2\/tags?post=42889"}],"curies":[{"name":"wp","href":"https:\/\/api.w.org\/{rel}","templated":true}]}}