{"id":42892,"date":"2022-07-29T02:20:47","date_gmt":"2022-07-29T02:20:47","guid":{"rendered":"http:\/\/elterritorialweb.com.ar\/web\/?p=42892"},"modified":"2022-07-29T02:30:09","modified_gmt":"2022-07-29T02:30:09","slug":"alberto-fernandez-definio-un-nuevo-gabinete-economico","status":"publish","type":"post","link":"http:\/\/elterritorialweb.com.ar\/web\/alberto-fernandez-definio-un-nuevo-gabinete-economico\/","title":{"rendered":"ALBERTO FERN\u00c1NDEZ DEFINI\u00d3 UN NUEVO GABINETE ECON\u00d3MICO"},"content":{"rendered":"\n<p>El mandatario unific\u00f3 los ministerios de Econom\u00eda, Desarrollo Productivo y Agricultura, Ganader\u00eda y Pesca en una nueva cartera que estar\u00e1 a cargo de Sergio Massa, actual titular de la C\u00e1mara de Diputados, incluyendo adem\u00e1s las relaciones con los organismos internacionales, bilaterales y multilaterales de cr\u00e9dito.<\/p>\n\n\n\n<p>Adem\u00e1s, el presidente Alberto Fern\u00e1ndez acept\u00f3 la renuncia presentada por Gustavo Beliz a la Secretar\u00eda de Asuntos Estrat\u00e9gicos y nombr\u00f3 en su lugar a Mercedes Marco del Pont. A su vez, le encomend\u00f3 a Daniel Scioli regresar a la embajada argentina en Brasil donde realiz\u00f3 un excelente trabajo.<\/p>\n\n\n\n<p>El jefe de Estado design\u00f3 al contador Carlos Castagneto, actual director general de Recursos de Seguridad Social de la AFIP, a cargo del organismo, mientras que puso al frente del Banco Naci\u00f3n a la economista Silvina Batakis.<\/p>\n\n\n\n<p>Por otra parte, acept\u00f3 la renuncia de Juli\u00e1n Dom\u00ednguez, quien estaba al frente del Ministerio de Agricultura, Ganader\u00eda y Pesca.<\/p>\n\n\n\n<p>El presidente agradeci\u00f3 profundamente a todos y todas por su trabajo y por haber estado presentes en el gabinete cuando fueron convocados.<\/p>\n","protected":false},"excerpt":{"rendered":"<p>Alberto Fern\u00e1ndez decidi\u00f3 la unificaci\u00f3n de los ministerios de Econom\u00eda, Desarrollo Productivo y Agricultura, Ganader\u00eda y Pesca, que quedar\u00e1n bajo la \u00f3rbita del actual presidente de la C\u00e1mara de Diputados. Adem\u00e1s, hubo otras modificaciones en otras \u00e1reas de Gobierno.<\/p>\n","protected":false},"author":2,"featured_media":42893,"comment_status":"open","ping_status":"open","sticky":false,"template":"","format":"standard","meta":{"om_disable_all_campaigns":false,"_monsterinsights_skip_tracking":false,"_monsterinsights_sitenote_active":false,"_monsterinsights_sitenote_note":"","_monsterinsights_sitenote_category":0,"_uf_show_specific_survey":0,"_uf_disable_surveys":false,"jetpack_post_was_ever_published":false,"_jetpack_newsletter_access":"","_jetpack_dont_email_post_to_subs":false,"_jetpack_newsletter_tier_id":0,"_jetpack_memberships_contains_paywalled_content":false,"_jetpack_memberships_contains_paid_content":false,"footnotes":"","jetpack_publicize_message":"","jetpack_publicize_feature_enabled":true,"jetpack_social_post_already_shared":false,"jetpack_social_options":{"image_generator_settings":{"template":"highway","default_image_id":0,"font":"","enabled":false},"version":2}},"categories":[4,18],"tags":[],"class_list":["post-42892","post","type-post","status-publish","format-standard","has-post-thumbnail","hentry","category-destacadas","category-politica"],"aioseo_notices":[],"views":9,"jetpack_publicize_connections":[],"jetpack_featured_media_url":"https:\/\/i0.wp.com\/elterritorialweb.com.ar\/web\/wp-content\/uploads\/2022\/07\/FERNANDEZ-Y-MASSA.jpg?fit=1920%2C1080","jetpack_sharing_enabled":true,"_links":{"self":[{"href":"http:\/\/elterritorialweb.com.ar\/web\/wp-json\/wp\/v2\/posts\/42892","targetHints":{"allow":["GET"]}}],"collection":[{"href":"http:\/\/elterritorialweb.com.ar\/web\/wp-json\/wp\/v2\/posts"}],"about":[{"href":"http:\/\/elterritorialweb.com.ar\/web\/wp-json\/wp\/v2\/types\/post"}],"author":[{"embeddable":true,"href":"http:\/\/elterritorialweb.com.ar\/web\/wp-json\/wp\/v2\/users\/2"}],"replies":[{"embeddable":true,"href":"http:\/\/elterritorialweb.com.ar\/web\/wp-json\/wp\/v2\/comments?post=42892"}],"version-history":[{"count":1,"href":"http:\/\/elterritorialweb.com.ar\/web\/wp-json\/wp\/v2\/posts\/42892\/revisions"}],"predecessor-version":[{"id":42894,"href":"http:\/\/elterritorialweb.com.ar\/web\/wp-json\/wp\/v2\/posts\/42892\/revisions\/42894"}],"wp:featuredmedia":[{"embeddable":true,"href":"http:\/\/elterritorialweb.com.ar\/web\/wp-json\/wp\/v2\/media\/42893"}],"wp:attachment":[{"href":"http:\/\/elterritorialweb.com.ar\/web\/wp-json\/wp\/v2\/media?parent=42892"}],"wp:term":[{"taxonomy":"category","embeddable":true,"href":"http:\/\/elterritorialweb.com.ar\/web\/wp-json\/wp\/v2\/categories?post=42892"},{"taxonomy":"post_tag","embeddable":true,"href":"http:\/\/elterritorialweb.com.ar\/web\/wp-json\/wp\/v2\/tags?post=42892"}],"curies":[{"name":"wp","href":"https:\/\/api.w.org\/{rel}","templated":true}]}}