{"id":42895,"date":"2022-07-29T02:29:23","date_gmt":"2022-07-29T02:29:23","guid":{"rendered":"http:\/\/elterritorialweb.com.ar\/web\/?p=42895"},"modified":"2022-07-29T02:30:00","modified_gmt":"2022-07-29T02:30:00","slug":"silvina-batakis-fue-designada-como-presidenta-del-banco-nacion","status":"publish","type":"post","link":"http:\/\/elterritorialweb.com.ar\/web\/silvina-batakis-fue-designada-como-presidenta-del-banco-nacion\/","title":{"rendered":"SILVINA BATAKIS FUE DESIGNADA COMO PRESIDENTA DEL BANCO NACI\u00d3N"},"content":{"rendered":"\n<p>El presidente Alberto Fern\u00e1ndez design\u00f3 este jueves a Silvina Batakis como presidenta del Banco Naci\u00f3n, informaron fuentes oficiales.<\/p>\n\n\n\n<p>\u00abEl Presidente reconoce y agradece el compromiso que demostr\u00f3 al sumarse al Gabinete\u00bb, indic\u00f3 Presidencia en un comunicado.<\/p>\n\n\n\n<p>Fern\u00e1ndez y Batakis se hab\u00edan el mediod\u00eda de este jueves durante casi dos horas en el despacho presidencial de Casa Rosada.<\/p>\n\n\n\n<p>El mandatario decidi\u00f3 reorganizar las \u00e1reas econ\u00f3micas de su Gabinete, que estar\u00e1n coordinadas por Sergio Massa, para un mejor funcionamiento y gesti\u00f3n.<\/p>\n\n\n\n<p>Se unificar\u00e1n los ministerios de Econom\u00eda, Desarrollo Productivo y Agricultura, Ganader\u00eda y Pesca, incluyendo adem\u00e1s las relaciones con los organismos internacionales, bilaterales y multilaterales de cr\u00e9dito.<\/p>\n","protected":false},"excerpt":{"rendered":"<p>\u00abEl Presidente reconoce y agradece el compromiso que demostr\u00f3 al sumarse al Gabinete\u00bb, indic\u00f3 Presidencia en un comunicado de la designaci\u00f3n de la funcionaria que ocupaba la titularidad de Econom\u00eda, que pasar\u00e1 a formar parte del ministerio unificado que asumir\u00e1 Sergio Massa.<\/p>\n","protected":false},"author":2,"featured_media":42896,"comment_status":"open","ping_status":"open","sticky":false,"template":"","format":"standard","meta":{"om_disable_all_campaigns":false,"_monsterinsights_skip_tracking":false,"_monsterinsights_sitenote_active":false,"_monsterinsights_sitenote_note":"","_monsterinsights_sitenote_category":0,"_uf_show_specific_survey":0,"_uf_disable_surveys":false,"jetpack_post_was_ever_published":false,"_jetpack_newsletter_access":"","_jetpack_dont_email_post_to_subs":false,"_jetpack_newsletter_tier_id":0,"_jetpack_memberships_contains_paywalled_content":false,"_jetpack_memberships_contains_paid_content":false,"footnotes":"","jetpack_publicize_message":"","jetpack_publicize_feature_enabled":true,"jetpack_social_post_already_shared":false,"jetpack_social_options":{"image_generator_settings":{"template":"highway","default_image_id":0,"font":"","enabled":false},"version":2}},"categories":[4,18],"tags":[],"class_list":["post-42895","post","type-post","status-publish","format-standard","has-post-thumbnail","hentry","category-destacadas","category-politica"],"aioseo_notices":[],"views":8,"jetpack_publicize_connections":[],"jetpack_featured_media_url":"https:\/\/i0.wp.com\/elterritorialweb.com.ar\/web\/wp-content\/uploads\/2022\/07\/image-4.png?fit=1200%2C675","jetpack_sharing_enabled":true,"_links":{"self":[{"href":"http:\/\/elterritorialweb.com.ar\/web\/wp-json\/wp\/v2\/posts\/42895","targetHints":{"allow":["GET"]}}],"collection":[{"href":"http:\/\/elterritorialweb.com.ar\/web\/wp-json\/wp\/v2\/posts"}],"about":[{"href":"http:\/\/elterritorialweb.com.ar\/web\/wp-json\/wp\/v2\/types\/post"}],"author":[{"embeddable":true,"href":"http:\/\/elterritorialweb.com.ar\/web\/wp-json\/wp\/v2\/users\/2"}],"replies":[{"embeddable":true,"href":"http:\/\/elterritorialweb.com.ar\/web\/wp-json\/wp\/v2\/comments?post=42895"}],"version-history":[{"count":1,"href":"http:\/\/elterritorialweb.com.ar\/web\/wp-json\/wp\/v2\/posts\/42895\/revisions"}],"predecessor-version":[{"id":42897,"href":"http:\/\/elterritorialweb.com.ar\/web\/wp-json\/wp\/v2\/posts\/42895\/revisions\/42897"}],"wp:featuredmedia":[{"embeddable":true,"href":"http:\/\/elterritorialweb.com.ar\/web\/wp-json\/wp\/v2\/media\/42896"}],"wp:attachment":[{"href":"http:\/\/elterritorialweb.com.ar\/web\/wp-json\/wp\/v2\/media?parent=42895"}],"wp:term":[{"taxonomy":"category","embeddable":true,"href":"http:\/\/elterritorialweb.com.ar\/web\/wp-json\/wp\/v2\/categories?post=42895"},{"taxonomy":"post_tag","embeddable":true,"href":"http:\/\/elterritorialweb.com.ar\/web\/wp-json\/wp\/v2\/tags?post=42895"}],"curies":[{"name":"wp","href":"https:\/\/api.w.org\/{rel}","templated":true}]}}