{"id":42898,"date":"2022-07-29T02:40:31","date_gmt":"2022-07-29T02:40:31","guid":{"rendered":"http:\/\/elterritorialweb.com.ar\/web\/?p=42898"},"modified":"2022-07-29T02:40:31","modified_gmt":"2022-07-29T02:40:31","slug":"massa-el-elegido-para-un-ministerio-ampliado","status":"publish","type":"post","link":"http:\/\/elterritorialweb.com.ar\/web\/massa-el-elegido-para-un-ministerio-ampliado\/","title":{"rendered":"MASSA \u00abEL ELEGIDO\u00bb PARA UN MINISTERIO AMPLIADO"},"content":{"rendered":"\n<p>El titular de la C\u00e1mara de Diputados, Sergio Massa,\u00a0asumir\u00e1 la semana pr\u00f3xima al frente de un ministerio de Econom\u00eda que ampl\u00eda funciones\u00a0con el objetivo de mejorar la coordinaci\u00f3n entre las \u00e1reas del Ejecutivo ligadas a finanzas, desarrollo productivo y agricultura.<\/p>\n\n\n\n<p>Massa llegar\u00e1 al Palacio de Hacienda con la particularidad de no ser economista, ya que se gradu\u00f3 como abogado en la Universidad de Belgrano, aunque las cuestiones econ\u00f3micas le interesan desde que asumi\u00f3 al frente de la Anses en 2002, durante la gesti\u00f3n de Eduardo Duhalde.<\/p>\n\n\n\n<p>Su actuaci\u00f3n a lo largo de cinco a\u00f1os en el organismo de la seguridad social, entre 2002 y 2007, le permiti\u00f3 profundizar sus v\u00ednculos con economistas y especialistas en finanzas, en particular a partir de la creaci\u00f3n del Fondo de Garant\u00eda y Sustentabilidad de la Anses, uno de sus legados.<\/p>\n\n\n\n<p>Su gesti\u00f3n en la Anses, uno de los presupuestos m\u00e1s importantes del Estado, concluy\u00f3 cuando decidi\u00f3 postularse para gobernar el municipio de Tigre, para lo cual deb\u00eda competir con un partido vecinal que llevaba a\u00f1os de gesti\u00f3n en ese municipio del norte del conurbano: la apuesta result\u00f3 y fue intendente.<\/p>\n\n\n\n<p>A mediados de 2008 fue designado como jefe de Gabinete, tras el conflicto por las retenciones m\u00f3viles y la renuncia al cargo del entonces ministro coordinador -nada menos que Alberto Fern\u00e1ndez, hoy jefe de Estado-, tarea que asumi\u00f3 con la pretensi\u00f3n de recuperar el di\u00e1logo, seg\u00fan declar\u00f3 en aquel momento.<\/p>\n\n\n\n<p>Despu\u00e9s llegar\u00eda la ruptura con el kirchnerismo, la conformaci\u00f3n de un espacio disidente en el PJ, la creaci\u00f3n del Frente Renovador y el triunfo en las elecciones legislativas de 2013 frente al por entonces candidato del oficialismo, Mart\u00edn Insaurralde, hoy jefe de gabinete en la provincia de Buenos Aires y quien salud\u00f3 su incorporaci\u00f3n al elenco gubernamental.<\/p>\n\n\n\n<p>El resultado no fue el mismo en 2015, cuando qued\u00f3 tercero como candidato a presidente del Frente Renovador y vio como un espectador m\u00e1s el debate televisado entre Mauricio Macri y Daniel Scioli en la Facultad de Derecho.<\/p>\n\n\n\n<p>En 2019, tras la elecci\u00f3n de Alberto Fern\u00e1ndez como candidato a presidente, Massa se sum\u00f3 al Frente de Todos para encabezar la lista de diputados de la provincia de Buenos Aires como primer postulante, luego de calificar al hoy presidente como \u00abun gran candidato\u00bb y de retomar, despu\u00e9s de siete a\u00f1os, el di\u00e1logo con Cristina Fern\u00e1ndez de Kirchner.<\/p>\n\n\n\n<p>En los \u00faltimos tres a\u00f1os, con el FdT en el poder, cultiv\u00f3 su perfil de negociador legislativo, agenci\u00e1ndose una buena parte del m\u00e9rito por la sanci\u00f3n de leyes de dif\u00edcil tratamiento; entretanto pudo contener los pedidos de buscar m\u00e1s visibilidad y proyecci\u00f3n personal que le hac\u00edan desde sus propias filas.<\/p>\n\n\n\n<p>En paralelo, consolid\u00f3 una relaci\u00f3n de mutua confianza con el jefe de Estado, con di\u00e1logos permanentes, un v\u00ednculo que en los \u00faltimos meses sum\u00f3 otros cap\u00edtulos con invitaciones a participar de viajes al exterior como miembro privilegiado de la comitiva presidencial.<\/p>\n\n\n\n<p>El di\u00e1logo con el presidente, por ejemplo, tuvo momentos claves como cuando juntos definieron la estrategia parlamentaria para conseguir la aprobaci\u00f3n del acuerdo con el Fondo Monetario Internacional.<\/p>\n\n\n\n<p>En aquellos d\u00edas, durante el primer semestre del a\u00f1o, Fern\u00e1ndez y Massa compartieron muchas horas de trabajo.<\/p>\n\n\n\n<p>Ya en los \u00faltimos 40 d\u00edas, siempre codo a codo con el jefe de Estado, tuvo una agenda m\u00e1s variada, que incluy\u00f3 desde actos institucionales hasta giras internacionales a la cumbre de las Am\u00e9ricas de Los \u00c1ngeles y a la reuni\u00f3n del G7 en Alemania.<\/p>\n\n\n\n<p>A fines de mayo, Massa festej\u00f3 el \u00abalivio\u00bb del Impuesto a las Ganancias, una reivindicaci\u00f3n de su hist\u00f3rica agenda pol\u00edtica de alivio para la clase media, en la que tuvo que presionar al entonces ministro de Econom\u00eda, Mart\u00edn Guzm\u00e1n.<\/p>\n\n\n\n<p>Despu\u00e9s de bajarle el tono a un intercambio de notas entre la Presidencia de la C\u00e1mara Baja y el Palacio de Hacienda, el tigrense y el profesor de Columbia se mostraron finalmente juntos para anunciar la elevaci\u00f3n del m\u00ednimo no imponible a partir del cual se paga el gravamen.<\/p>\n\n\n\n<p>La relaci\u00f3n entre ellos, sin embargo, no hab\u00eda sido buena.<\/p>\n\n\n\n<p>\u00abSergio se mueve bien, tiene peso pol\u00edtico e institucional, sirvi\u00f3 mucho su presencia\u00bb, evaluaban en las \u00faltimas horas fuentes oficiales que provienen de la diplomacia.<\/p>\n\n\n\n<p>En la cumbre hemisf\u00e9rica realizada en Los \u00c1ngeles, Massa se mostr\u00f3 como un activo interlocutor del presidente y adem\u00e1s ofici\u00f3 de vocero de la reuni\u00f3n que se mantuvo con la c\u00fapula de General Motors, donde se anunci\u00f3 una serie de inversiones en el pa\u00eds.<\/p>\n\n\n\n<p>All\u00ed, volvi\u00f3 a insistir sobre el proyecto de ley de electromovilidad, un tema que ven\u00eda siguiendo y que estaba entre sus prioridades parlamentarias.<\/p>\n\n\n\n<p>Para la \u00faltima gira presidencial a la cumbre del G7, hace tan solo una semana, su nombre ya sonaba en los medios y en los c\u00edrculos del poder del FdT como un candidato potencial para desembarcar en el Gabinete.<\/p>\n\n\n\n<p>Tal vez esa fue la raz\u00f3n por la que el fundador del Frente Renovador se sigui\u00f3 mostrando afable en el trato con la prensa destacada en Alemania pero, en todo momento, rehus\u00f3 contestar preguntas sobre pol\u00edtica dom\u00e9stica.<\/p>\n\n\n\n<p>Al mismo tiempo, trascendi\u00f3 como imagen la de un pol\u00edtico que acompa\u00f1aba al jefe de Estado en su pol\u00edtica internacional, \u00abponiendo el cuerpo pero cultivando un bajo perfil\u00bb, seg\u00fan el decir de sus allegados.<\/p>\n\n\n\n<p>En Munich, particip\u00f3 de reuniones bilaterales oficiales, pero tambi\u00e9n en encuentros m\u00e1s numerosos, como el que mantuvo la delegaci\u00f3n argentina con la comitiva de India.<\/p>\n\n\n\n<p>No pareci\u00f3 una decisi\u00f3n improvisada que en ese momento Fern\u00e1ndez lo eligiera a \u00e9l como uno de sus dos \u00fanicos asistentes para la reuni\u00f3n m\u00e1s cerrada con la titular de la comisi\u00f3n europea, Ursula von der Leyen.<\/p>\n\n\n\n<p>Ese nivel de confianza con el jefe de Estado y la renuncia de Guzm\u00e1n lo devolvieron al centro de la escena: la oportunidad que se abri\u00f3, pronunciamientos de diferentes voces del peronismo, contactos en el mundo financiero, lo llevaron al lugar que busc\u00f3. El desaf\u00edo es encaminar la econom\u00eda de cara al proceso eleccionario de 2023.<\/p>\n","protected":false},"excerpt":{"rendered":"<p>Massa llegar\u00e1 al frente de un ministerio de Econom\u00eda que ampl\u00eda funciones con el objetivo de mejorar la coordinaci\u00f3n entre las \u00e1reas del Ejecutivo ligadas a finanzas, desarrollo productivo y agricultura.<\/p>\n","protected":false},"author":2,"featured_media":42899,"comment_status":"open","ping_status":"open","sticky":false,"template":"","format":"standard","meta":{"om_disable_all_campaigns":false,"_monsterinsights_skip_tracking":false,"_monsterinsights_sitenote_active":false,"_monsterinsights_sitenote_note":"","_monsterinsights_sitenote_category":0,"_uf_show_specific_survey":0,"_uf_disable_surveys":false,"jetpack_post_was_ever_published":false,"_jetpack_newsletter_access":"","_jetpack_dont_email_post_to_subs":false,"_jetpack_newsletter_tier_id":0,"_jetpack_memberships_contains_paywalled_content":false,"_jetpack_memberships_contains_paid_content":false,"footnotes":"","jetpack_publicize_message":"","jetpack_publicize_feature_enabled":true,"jetpack_social_post_already_shared":false,"jetpack_social_options":{"image_generator_settings":{"template":"highway","default_image_id":0,"font":"","enabled":false},"version":2}},"categories":[18],"tags":[],"class_list":["post-42898","post","type-post","status-publish","format-standard","has-post-thumbnail","hentry","category-politica"],"aioseo_notices":[],"views":7,"jetpack_publicize_connections":[],"jetpack_featured_media_url":"https:\/\/i0.wp.com\/elterritorialweb.com.ar\/web\/wp-content\/uploads\/2022\/07\/image-5.png?fit=1024%2C768","jetpack_sharing_enabled":true,"_links":{"self":[{"href":"http:\/\/elterritorialweb.com.ar\/web\/wp-json\/wp\/v2\/posts\/42898","targetHints":{"allow":["GET"]}}],"collection":[{"href":"http:\/\/elterritorialweb.com.ar\/web\/wp-json\/wp\/v2\/posts"}],"about":[{"href":"http:\/\/elterritorialweb.com.ar\/web\/wp-json\/wp\/v2\/types\/post"}],"author":[{"embeddable":true,"href":"http:\/\/elterritorialweb.com.ar\/web\/wp-json\/wp\/v2\/users\/2"}],"replies":[{"embeddable":true,"href":"http:\/\/elterritorialweb.com.ar\/web\/wp-json\/wp\/v2\/comments?post=42898"}],"version-history":[{"count":1,"href":"http:\/\/elterritorialweb.com.ar\/web\/wp-json\/wp\/v2\/posts\/42898\/revisions"}],"predecessor-version":[{"id":42900,"href":"http:\/\/elterritorialweb.com.ar\/web\/wp-json\/wp\/v2\/posts\/42898\/revisions\/42900"}],"wp:featuredmedia":[{"embeddable":true,"href":"http:\/\/elterritorialweb.com.ar\/web\/wp-json\/wp\/v2\/media\/42899"}],"wp:attachment":[{"href":"http:\/\/elterritorialweb.com.ar\/web\/wp-json\/wp\/v2\/media?parent=42898"}],"wp:term":[{"taxonomy":"category","embeddable":true,"href":"http:\/\/elterritorialweb.com.ar\/web\/wp-json\/wp\/v2\/categories?post=42898"},{"taxonomy":"post_tag","embeddable":true,"href":"http:\/\/elterritorialweb.com.ar\/web\/wp-json\/wp\/v2\/tags?post=42898"}],"curies":[{"name":"wp","href":"https:\/\/api.w.org\/{rel}","templated":true}]}}