{"id":42901,"date":"2022-07-29T02:50:52","date_gmt":"2022-07-29T02:50:52","guid":{"rendered":"http:\/\/elterritorialweb.com.ar\/web\/?p=42901"},"modified":"2022-07-29T02:50:52","modified_gmt":"2022-07-29T02:50:52","slug":"zamora-recibio-al-director-de-politicas-inclusivas-del-ministerio-de-transporte-de-la-nacion","status":"publish","type":"post","link":"http:\/\/elterritorialweb.com.ar\/web\/zamora-recibio-al-director-de-politicas-inclusivas-del-ministerio-de-transporte-de-la-nacion\/","title":{"rendered":"ZAMORA RECIBI\u00d3 AL DIRECTOR DE POL\u00cdTICAS INCLUSIVAS DEL MINISTERIO DE TRANSPORTE DE LA NACI\u00d3N"},"content":{"rendered":"\n<p>En el encuentro, donde estuvieron tambi\u00e9n el defensor del Pueblo de ciudad Capital, Luis Ger, y el secretario de Desarrollo Sostenible del mencionado organismo nacional, Andr\u00e9s Imperioso, se expuso el trabajo que se viene desarrollando desde esta direcci\u00f3n sobre pol\u00edticas inclusivas en los medios de transporte dentro de la Agenda 2030.<br>Adem\u00e1s, informaron sobre la capacitaci\u00f3n que se realizar\u00e1 este viernes a partir de las 10 en Casa Arga\u00f1araz Alcorta, destinada a funcionarios de los distintos poderes y organismos de control, donde se abordar\u00e1n tem\u00e1ticas importantes entre las que se cuentan: transporte, movilidad y tres pol\u00edticas de la agenda 2030 de desarrollo sostenible, accesibilidad y estrategias inclusivas.<\/p>\n","protected":false},"excerpt":{"rendered":"<p>El gobernador Gerardo Zamora recibi\u00f3 este jueves por la tarde en Casa de Gobierno la visita de Jorge Rivas, director de Pol\u00edticas Inclusivas, Accesibles y de Desarrollo Sostenible del Ministerio de Transporte de la Naci\u00f3n, quien se encuentra en la provincia para brindar una capacitaci\u00f3n.<\/p>\n","protected":false},"author":2,"featured_media":42902,"comment_status":"open","ping_status":"open","sticky":false,"template":"","format":"standard","meta":{"om_disable_all_campaigns":false,"_monsterinsights_skip_tracking":false,"_monsterinsights_sitenote_active":false,"_monsterinsights_sitenote_note":"","_monsterinsights_sitenote_category":0,"_uf_show_specific_survey":0,"_uf_disable_surveys":false,"jetpack_post_was_ever_published":false,"_jetpack_newsletter_access":"","_jetpack_dont_email_post_to_subs":false,"_jetpack_newsletter_tier_id":0,"_jetpack_memberships_contains_paywalled_content":false,"_jetpack_memberships_contains_paid_content":false,"footnotes":"","jetpack_publicize_message":"","jetpack_publicize_feature_enabled":true,"jetpack_social_post_already_shared":false,"jetpack_social_options":{"image_generator_settings":{"template":"highway","default_image_id":0,"font":"","enabled":false},"version":2}},"categories":[21],"tags":[],"class_list":["post-42901","post","type-post","status-publish","format-standard","has-post-thumbnail","hentry","category-locales"],"aioseo_notices":[],"views":9,"jetpack_publicize_connections":[],"jetpack_featured_media_url":"https:\/\/i0.wp.com\/elterritorialweb.com.ar\/web\/wp-content\/uploads\/2022\/07\/WhatsApp-Image-2022-07-29-at-1.37.36-AM.jpeg?fit=1280%2C854","jetpack_sharing_enabled":true,"_links":{"self":[{"href":"http:\/\/elterritorialweb.com.ar\/web\/wp-json\/wp\/v2\/posts\/42901","targetHints":{"allow":["GET"]}}],"collection":[{"href":"http:\/\/elterritorialweb.com.ar\/web\/wp-json\/wp\/v2\/posts"}],"about":[{"href":"http:\/\/elterritorialweb.com.ar\/web\/wp-json\/wp\/v2\/types\/post"}],"author":[{"embeddable":true,"href":"http:\/\/elterritorialweb.com.ar\/web\/wp-json\/wp\/v2\/users\/2"}],"replies":[{"embeddable":true,"href":"http:\/\/elterritorialweb.com.ar\/web\/wp-json\/wp\/v2\/comments?post=42901"}],"version-history":[{"count":1,"href":"http:\/\/elterritorialweb.com.ar\/web\/wp-json\/wp\/v2\/posts\/42901\/revisions"}],"predecessor-version":[{"id":42903,"href":"http:\/\/elterritorialweb.com.ar\/web\/wp-json\/wp\/v2\/posts\/42901\/revisions\/42903"}],"wp:featuredmedia":[{"embeddable":true,"href":"http:\/\/elterritorialweb.com.ar\/web\/wp-json\/wp\/v2\/media\/42902"}],"wp:attachment":[{"href":"http:\/\/elterritorialweb.com.ar\/web\/wp-json\/wp\/v2\/media?parent=42901"}],"wp:term":[{"taxonomy":"category","embeddable":true,"href":"http:\/\/elterritorialweb.com.ar\/web\/wp-json\/wp\/v2\/categories?post=42901"},{"taxonomy":"post_tag","embeddable":true,"href":"http:\/\/elterritorialweb.com.ar\/web\/wp-json\/wp\/v2\/tags?post=42901"}],"curies":[{"name":"wp","href":"https:\/\/api.w.org\/{rel}","templated":true}]}}