{"id":42912,"date":"2022-07-29T20:59:41","date_gmt":"2022-07-29T20:59:41","guid":{"rendered":"http:\/\/elterritorialweb.com.ar\/web\/?p=42912"},"modified":"2022-07-29T20:59:41","modified_gmt":"2022-07-29T20:59:41","slug":"el-programa-jugar-x-jugar-se-realizara-este-sabado-en-los-parques-sur-y-de-los-ninos","status":"publish","type":"post","link":"http:\/\/elterritorialweb.com.ar\/web\/el-programa-jugar-x-jugar-se-realizara-este-sabado-en-los-parques-sur-y-de-los-ninos\/","title":{"rendered":"EL PROGRAMA JUGAR X JUGAR SE REALIZAR\u00c1 ESTE S\u00c1BADO EN LOS PARQUES SUR Y DE LOS NI\u00d1OS"},"content":{"rendered":"\n<p>Realizado en forma conjunta por la Subsecretar\u00eda de Desarrollo Comunitario y la Direcci\u00f3n del Ni\u00f1o y el Adolescente, se llevar\u00e1 a cabo a trav\u00e9s de juegos y m\u00fasica en vivo.<\/p>\n\n\n\n<p>\u201cEl objetivo es que los ni\u00f1os y sus familias, puedan disfrutar de \u00e9sta propuesta art\u00edstica, l\u00fadica, donde los peque\u00f1os puedan jugar, desarrollarse, como uno de sus derechos fundamentales\u201d, explic\u00f3 el Subsecretario de Gobierno, Diego Brunet.<\/p>\n\n\n\n<p>El funcionario indic\u00f3 que el programa, en el marco de las pol\u00edticas p\u00fablicas implementadas por el municipio, est\u00e1 orientado al esparcimiento, al desarrollo del autoestima del ni\u00f1o, el fortalecimiento de su personalidad y trabajar en los valores claves para su crecimiento.<\/p>\n","protected":false},"excerpt":{"rendered":"<p>La Municipalidad de la Capital inform\u00f3 que este s\u00e1bado 30 se realizar\u00e1 el cierre del Programa Jugar x Jugar en dos espacios diferentes de la ciudad y en forma simult\u00e1nea, uno en el Parque Sur y otro en el Parque de los Ni\u00f1os, desde las 15 y hasta las 19.<\/p>\n","protected":false},"author":2,"featured_media":42913,"comment_status":"open","ping_status":"open","sticky":false,"template":"","format":"standard","meta":{"om_disable_all_campaigns":false,"_monsterinsights_skip_tracking":false,"_monsterinsights_sitenote_active":false,"_monsterinsights_sitenote_note":"","_monsterinsights_sitenote_category":0,"_uf_show_specific_survey":0,"_uf_disable_surveys":false,"jetpack_post_was_ever_published":false,"_jetpack_newsletter_access":"","_jetpack_dont_email_post_to_subs":false,"_jetpack_newsletter_tier_id":0,"_jetpack_memberships_contains_paywalled_content":false,"_jetpack_memberships_contains_paid_content":false,"footnotes":"","jetpack_publicize_message":"","jetpack_publicize_feature_enabled":true,"jetpack_social_post_already_shared":false,"jetpack_social_options":{"image_generator_settings":{"template":"highway","default_image_id":0,"font":"","enabled":false},"version":2}},"categories":[21],"tags":[],"class_list":["post-42912","post","type-post","status-publish","format-standard","has-post-thumbnail","hentry","category-locales"],"aioseo_notices":[],"views":8,"jetpack_publicize_connections":[],"jetpack_featured_media_url":"https:\/\/i0.wp.com\/elterritorialweb.com.ar\/web\/wp-content\/uploads\/2022\/07\/jugar-x-jugar.jpeg?fit=1280%2C687","jetpack_sharing_enabled":true,"_links":{"self":[{"href":"http:\/\/elterritorialweb.com.ar\/web\/wp-json\/wp\/v2\/posts\/42912","targetHints":{"allow":["GET"]}}],"collection":[{"href":"http:\/\/elterritorialweb.com.ar\/web\/wp-json\/wp\/v2\/posts"}],"about":[{"href":"http:\/\/elterritorialweb.com.ar\/web\/wp-json\/wp\/v2\/types\/post"}],"author":[{"embeddable":true,"href":"http:\/\/elterritorialweb.com.ar\/web\/wp-json\/wp\/v2\/users\/2"}],"replies":[{"embeddable":true,"href":"http:\/\/elterritorialweb.com.ar\/web\/wp-json\/wp\/v2\/comments?post=42912"}],"version-history":[{"count":1,"href":"http:\/\/elterritorialweb.com.ar\/web\/wp-json\/wp\/v2\/posts\/42912\/revisions"}],"predecessor-version":[{"id":42914,"href":"http:\/\/elterritorialweb.com.ar\/web\/wp-json\/wp\/v2\/posts\/42912\/revisions\/42914"}],"wp:featuredmedia":[{"embeddable":true,"href":"http:\/\/elterritorialweb.com.ar\/web\/wp-json\/wp\/v2\/media\/42913"}],"wp:attachment":[{"href":"http:\/\/elterritorialweb.com.ar\/web\/wp-json\/wp\/v2\/media?parent=42912"}],"wp:term":[{"taxonomy":"category","embeddable":true,"href":"http:\/\/elterritorialweb.com.ar\/web\/wp-json\/wp\/v2\/categories?post=42912"},{"taxonomy":"post_tag","embeddable":true,"href":"http:\/\/elterritorialweb.com.ar\/web\/wp-json\/wp\/v2\/tags?post=42912"}],"curies":[{"name":"wp","href":"https:\/\/api.w.org\/{rel}","templated":true}]}}