{"id":42915,"date":"2022-07-29T21:08:01","date_gmt":"2022-07-29T21:08:01","guid":{"rendered":"http:\/\/elterritorialweb.com.ar\/web\/?p=42915"},"modified":"2022-07-29T21:08:01","modified_gmt":"2022-07-29T21:08:01","slug":"la-intendente-fuentes-recibio-al-director-nacional-de-accesibilidad","status":"publish","type":"post","link":"http:\/\/elterritorialweb.com.ar\/web\/la-intendente-fuentes-recibio-al-director-nacional-de-accesibilidad\/","title":{"rendered":"LA INTENDENTE FUENTES RECIBI\u00d3 AL DIRECTOR NACIONAL DE ACCESIBILIDAD"},"content":{"rendered":"\n<p>\u201cQuiero agradecerte por recibirnos, estamos muy contentos por estar en Santiago\u201d, le expres\u00f3 el funcionario nacional a la jefa comunal, quien estuvo acompa\u00f1ado por el defensor del Pueblo de la Ciudad, Luis Ger.<\/p>\n\n\n\n<p>Por su parte, la intendente agradeci\u00f3 su presencia en el municipio y le mencion\u00f3 el trabajo que se lleva adelante en materia de desarrollo sustentable, plantaci\u00f3n masiva de \u00e1rboles, innovaci\u00f3n y otras acciones concretas para una ciudad inteligente en la relaci\u00f3n y accesibilidad del vecino con la tecnolog\u00eda<\/p>\n","protected":false},"excerpt":{"rendered":"<p>La Intendente de la Capital, Ing. Norma Fuentes recibi\u00f3 en la sede del Municipio, a Jorge Rivas, el director nacional de Estrategias Inclusivas del Ministerio de Transporte de la Naci\u00f3n, en su visita a Santiago del Estero en el marco de una serie de actividades programadas junto a su equipo de trabajo.<\/p>\n","protected":false},"author":2,"featured_media":42916,"comment_status":"open","ping_status":"open","sticky":false,"template":"","format":"standard","meta":{"om_disable_all_campaigns":false,"_monsterinsights_skip_tracking":false,"_monsterinsights_sitenote_active":false,"_monsterinsights_sitenote_note":"","_monsterinsights_sitenote_category":0,"_uf_show_specific_survey":0,"_uf_disable_surveys":false,"jetpack_post_was_ever_published":false,"_jetpack_newsletter_access":"","_jetpack_dont_email_post_to_subs":false,"_jetpack_newsletter_tier_id":0,"_jetpack_memberships_contains_paywalled_content":false,"_jetpack_memberships_contains_paid_content":false,"footnotes":"","jetpack_publicize_message":"","jetpack_publicize_feature_enabled":true,"jetpack_social_post_already_shared":false,"jetpack_social_options":{"image_generator_settings":{"template":"highway","default_image_id":0,"font":"","enabled":false},"version":2}},"categories":[21],"tags":[],"class_list":["post-42915","post","type-post","status-publish","format-standard","has-post-thumbnail","hentry","category-locales"],"aioseo_notices":[],"views":9,"jetpack_publicize_connections":[],"jetpack_featured_media_url":"https:\/\/i0.wp.com\/elterritorialweb.com.ar\/web\/wp-content\/uploads\/2022\/07\/fuentes-jorge-rivas.jpeg?fit=1280%2C714","jetpack_sharing_enabled":true,"_links":{"self":[{"href":"http:\/\/elterritorialweb.com.ar\/web\/wp-json\/wp\/v2\/posts\/42915","targetHints":{"allow":["GET"]}}],"collection":[{"href":"http:\/\/elterritorialweb.com.ar\/web\/wp-json\/wp\/v2\/posts"}],"about":[{"href":"http:\/\/elterritorialweb.com.ar\/web\/wp-json\/wp\/v2\/types\/post"}],"author":[{"embeddable":true,"href":"http:\/\/elterritorialweb.com.ar\/web\/wp-json\/wp\/v2\/users\/2"}],"replies":[{"embeddable":true,"href":"http:\/\/elterritorialweb.com.ar\/web\/wp-json\/wp\/v2\/comments?post=42915"}],"version-history":[{"count":1,"href":"http:\/\/elterritorialweb.com.ar\/web\/wp-json\/wp\/v2\/posts\/42915\/revisions"}],"predecessor-version":[{"id":42917,"href":"http:\/\/elterritorialweb.com.ar\/web\/wp-json\/wp\/v2\/posts\/42915\/revisions\/42917"}],"wp:featuredmedia":[{"embeddable":true,"href":"http:\/\/elterritorialweb.com.ar\/web\/wp-json\/wp\/v2\/media\/42916"}],"wp:attachment":[{"href":"http:\/\/elterritorialweb.com.ar\/web\/wp-json\/wp\/v2\/media?parent=42915"}],"wp:term":[{"taxonomy":"category","embeddable":true,"href":"http:\/\/elterritorialweb.com.ar\/web\/wp-json\/wp\/v2\/categories?post=42915"},{"taxonomy":"post_tag","embeddable":true,"href":"http:\/\/elterritorialweb.com.ar\/web\/wp-json\/wp\/v2\/tags?post=42915"}],"curies":[{"name":"wp","href":"https:\/\/api.w.org\/{rel}","templated":true}]}}