{"id":42918,"date":"2022-07-29T21:17:54","date_gmt":"2022-07-29T21:17:54","guid":{"rendered":"http:\/\/elterritorialweb.com.ar\/web\/?p=42918"},"modified":"2022-07-29T21:28:03","modified_gmt":"2022-07-29T21:28:03","slug":"el-gobernador-participo-de-la-apertura-de-sobres-para-1102-viviendas-del-barrio-parque-del-rio-v","status":"publish","type":"post","link":"http:\/\/elterritorialweb.com.ar\/web\/el-gobernador-participo-de-la-apertura-de-sobres-para-1102-viviendas-del-barrio-parque-del-rio-v\/","title":{"rendered":"EL GOBERNADOR PARTICIP\u00d3 DE LA APERTURA DE SOBRES PARA 1102 VIVIENDAS DEL BARRIO PARQUE DEL R\u00cdO V"},"content":{"rendered":"\n<p>Junto al mandatario estuvieron el ministro de Obras P\u00fablicas, Argentino Cambrini; el secretario de Articulaci\u00f3n Federal del Ministerio de Desarrollo Territorial y H\u00e1bitat de la Naci\u00f3n, Hugo Cabral; el presidente del Instituto Provincial de Vivienda y Urbanismo, Augusto Dubois; la intendente Norma Fuentes; el comisionado de Villa Zanj\u00f3n, Ram\u00f3n Aguirre, y Silvina Carabajal, de Escriban\u00eda de Gobierno, entre otras autoridades.<\/p>\n\n\n\n<p>En esta oportunidad fueron abiertos 4 sobres de un total de 14 correspondientes a la obra que se ejecutar\u00e1 con fondos nacionales mediante el programa Casa Propia.<\/p>\n\n\n\n<p>El Parque del R\u00edo V se ubica en un nuevo concepto urban\u00edstico territorial planificado, que estar\u00e1 conformado por cinco barrios independientes unos de otros, los cuales contar\u00e1n con equipamiento urbano entre los que se destacan: instituciones educativas de los niveles Inicial, Primario y Secundario. Tambi\u00e9n contiene toda la infraestructura necesaria y complementaria, oficinas municipales, servicios de salud, servicios financieros y \u00e1rea comercial.<\/p>\n\n\n\n<figure class=\"wp-block-image size-large\"><a href=\"https:\/\/i0.wp.com\/elterritorialweb.com.ar\/web\/wp-content\/uploads\/2022\/07\/sobre.jpeg\"><img data-recalc-dims=\"1\" decoding=\"async\" width=\"640\" height=\"409\" data-src=\"https:\/\/i0.wp.com\/elterritorialweb.com.ar\/web\/wp-content\/uploads\/2022\/07\/sobre.jpeg?resize=640%2C409\" alt=\"\" class=\"wp-image-42919 lazyload\" data-srcset=\"https:\/\/i0.wp.com\/elterritorialweb.com.ar\/web\/wp-content\/uploads\/2022\/07\/sobre.jpeg?resize=1024%2C655 1024w, https:\/\/i0.wp.com\/elterritorialweb.com.ar\/web\/wp-content\/uploads\/2022\/07\/sobre.jpeg?resize=300%2C192 300w, https:\/\/i0.wp.com\/elterritorialweb.com.ar\/web\/wp-content\/uploads\/2022\/07\/sobre.jpeg?resize=768%2C491 768w, https:\/\/i0.wp.com\/elterritorialweb.com.ar\/web\/wp-content\/uploads\/2022\/07\/sobre.jpeg?w=1280 1280w\" data-sizes=\"(max-width: 640px) 100vw, 640px\" src=\"data:image\/svg+xml;base64,PHN2ZyB3aWR0aD0iMSIgaGVpZ2h0PSIxIiB4bWxucz0iaHR0cDovL3d3dy53My5vcmcvMjAwMC9zdmciPjwvc3ZnPg==\" style=\"--smush-placeholder-width: 640px; --smush-placeholder-aspect-ratio: 640\/409;\" \/><\/a><\/figure>\n\n\n\n<p>Tras la apertura de sobres, Hugo Cabral valor\u00f3 el trabajo conjunto entre Naci\u00f3n, provincia y municipio, y resalt\u00f3 la decisi\u00f3n pol\u00edtica del gobernador Zamora de promover el desarrollo a partir de la construcci\u00f3n, como generadora de empleo y movilizadora de la econom\u00eda local.<\/p>\n\n\n\n<p>\u201cEste proyecto \u2013del Parque del R\u00edo V- reafirma el liderazgo nacional de Santiago del Estero en materia de construcci\u00f3n de viviendas, porque esta provincia se encuentra actualmente a la cabeza, y por lejos, de todas las jurisdicciones argentinas con m\u00e1s de 10.700 viviendas en ejecuci\u00f3n\u201d, resalt\u00f3 el funcionario.<\/p>\n\n\n\n<p>Por su parte, el mandatario santiague\u00f1o agradeci\u00f3 el apoyo de la Naci\u00f3n y particularmente del ministro de Desarrollo Territorial y H\u00e1bitat, Jorge Ferraresi, para llevar adelante proyectos en toda la geograf\u00eda provincial.<\/p>\n\n\n\n<p>En ese marco adelant\u00f3 que el mes entrante ser\u00e1n entregadas otras 800 viviendas, que se suman a m\u00e1s de 600 que fueron adjudicadas recientemente. \u201cEstamos en m\u00e1s de 1.800 viviendas que <\/p>\n\n\n\n<p>se empiezan a construir, por lo cual, por cada vivienda que se entrega m\u00e1s de una comienza a construirse\u201d, expres\u00f3.<\/p>\n\n\n\n<p>\u201cEsto demuestra la continuidad y una expansi\u00f3n del programa de viviendas a trav\u00e9s de nuestro Instituto Provincial, de las cuales muchas de esas -como en este caso- tienen aporte nacionales y para nosotros ese aporte nacional en este tipo de inversi\u00f3n es muy importante\u201d, concluy\u00f3 Zamora.<\/p>\n\n\n\n<p><strong>\u00a0<\/strong><\/p>\n\n\n\n<p><\/p>\n\n\n\n<p><\/p>\n","protected":false},"excerpt":{"rendered":"<p>El gobernador Gerardo Zamora particip\u00f3 de la apertura de sobres de licitaci\u00f3n del barrio Parque del R\u00edo V, ubicado en la zona sur de la Capital, con un total de 1.102 viviendas: 142 unifamiliares y 960 departamentos divididos en 10 manzanas con bloques de edificios de planta baja y 2 pisos altos. <\/p>\n","protected":false},"author":2,"featured_media":42920,"comment_status":"open","ping_status":"open","sticky":false,"template":"","format":"standard","meta":{"om_disable_all_campaigns":false,"_monsterinsights_skip_tracking":false,"_monsterinsights_sitenote_active":false,"_monsterinsights_sitenote_note":"","_monsterinsights_sitenote_category":0,"_uf_show_specific_survey":0,"_uf_disable_surveys":false,"jetpack_post_was_ever_published":false,"_jetpack_newsletter_access":"","_jetpack_dont_email_post_to_subs":false,"_jetpack_newsletter_tier_id":0,"_jetpack_memberships_contains_paywalled_content":false,"_jetpack_memberships_contains_paid_content":false,"footnotes":"","jetpack_publicize_message":"","jetpack_publicize_feature_enabled":true,"jetpack_social_post_already_shared":false,"jetpack_social_options":{"image_generator_settings":{"template":"highway","default_image_id":0,"font":"","enabled":false},"version":2}},"categories":[21],"tags":[],"class_list":["post-42918","post","type-post","status-publish","format-standard","has-post-thumbnail","hentry","category-locales"],"aioseo_notices":[],"views":10,"jetpack_publicize_connections":[],"jetpack_featured_media_url":"https:\/\/i0.wp.com\/elterritorialweb.com.ar\/web\/wp-content\/uploads\/2022\/07\/sobres.jpeg?fit=1280%2C854","jetpack_sharing_enabled":true,"_links":{"self":[{"href":"http:\/\/elterritorialweb.com.ar\/web\/wp-json\/wp\/v2\/posts\/42918","targetHints":{"allow":["GET"]}}],"collection":[{"href":"http:\/\/elterritorialweb.com.ar\/web\/wp-json\/wp\/v2\/posts"}],"about":[{"href":"http:\/\/elterritorialweb.com.ar\/web\/wp-json\/wp\/v2\/types\/post"}],"author":[{"embeddable":true,"href":"http:\/\/elterritorialweb.com.ar\/web\/wp-json\/wp\/v2\/users\/2"}],"replies":[{"embeddable":true,"href":"http:\/\/elterritorialweb.com.ar\/web\/wp-json\/wp\/v2\/comments?post=42918"}],"version-history":[{"count":2,"href":"http:\/\/elterritorialweb.com.ar\/web\/wp-json\/wp\/v2\/posts\/42918\/revisions"}],"predecessor-version":[{"id":42922,"href":"http:\/\/elterritorialweb.com.ar\/web\/wp-json\/wp\/v2\/posts\/42918\/revisions\/42922"}],"wp:featuredmedia":[{"embeddable":true,"href":"http:\/\/elterritorialweb.com.ar\/web\/wp-json\/wp\/v2\/media\/42920"}],"wp:attachment":[{"href":"http:\/\/elterritorialweb.com.ar\/web\/wp-json\/wp\/v2\/media?parent=42918"}],"wp:term":[{"taxonomy":"category","embeddable":true,"href":"http:\/\/elterritorialweb.com.ar\/web\/wp-json\/wp\/v2\/categories?post=42918"},{"taxonomy":"post_tag","embeddable":true,"href":"http:\/\/elterritorialweb.com.ar\/web\/wp-json\/wp\/v2\/tags?post=42918"}],"curies":[{"name":"wp","href":"https:\/\/api.w.org\/{rel}","templated":true}]}}