{"id":42933,"date":"2022-07-30T00:27:52","date_gmt":"2022-07-30T00:27:52","guid":{"rendered":"http:\/\/elterritorialweb.com.ar\/web\/?p=42933"},"modified":"2022-07-30T00:27:52","modified_gmt":"2022-07-30T00:27:52","slug":"la-comuna-avanza-con-la-ejecucion-de-de-obras-de-mejoramiento-de-calles-en-los-barrios-de-la-banda","status":"publish","type":"post","link":"http:\/\/elterritorialweb.com.ar\/web\/la-comuna-avanza-con-la-ejecucion-de-de-obras-de-mejoramiento-de-calles-en-los-barrios-de-la-banda\/","title":{"rendered":"LA COMUNA AVANZA CON LA EJECUCI\u00d3N DE DE OBRAS DE MEJORAMIENTO DE CALLES EN LOS BARRIOS DE LA BANDA"},"content":{"rendered":"\n<p>Como parte del plan se ha incluido la obra de pavimentaci\u00f3n de calle Manuel Elordi desde Laprida hasta Cassaffousth; aporte de suelo y base estabilizada en alrededor de mil metros lineales sobre el denominado Camino al Vivero del barrio El Tabique y pavimentaci\u00f3n en calle Alem Prolongaci\u00f3n en una superficie aproximada de 500 metros lineales desde Gobernador Taboada hasta Tierra del Fuego.<br>En este sentido se contin\u00faan concretando obras que permitir\u00e1n mejorar la transitabilidad de los veh\u00edculos en sectores que se encuentran en crecimiento, los que ten\u00edan dificultades en la circulaci\u00f3n durante las \u00e9pocas estivales.<br>Es por esto, que el secretario de Obras P\u00fablicas, Planificaci\u00f3n y Desarrollo Urbano, Cristian Alzamora, solicit\u00f3 el acompa\u00f1amiento y la paciencia a los vecinos de los sectores en donde se realizaron cortes de calles para agilizar la ejecuci\u00f3n de estas acciones.<\/p>\n\n\n\n<figure class=\"wp-block-image size-large\"><a href=\"https:\/\/i0.wp.com\/elterritorialweb.com.ar\/web\/wp-content\/uploads\/2022\/07\/WhatsApp-Image-2022-07-29-at-9.37.12-PM-1.jpeg\"><img data-recalc-dims=\"1\" decoding=\"async\" width=\"640\" height=\"423\" data-src=\"https:\/\/i0.wp.com\/elterritorialweb.com.ar\/web\/wp-content\/uploads\/2022\/07\/WhatsApp-Image-2022-07-29-at-9.37.12-PM-1.jpeg?resize=640%2C423\" alt=\"\" class=\"wp-image-42934 lazyload\" data-srcset=\"https:\/\/i0.wp.com\/elterritorialweb.com.ar\/web\/wp-content\/uploads\/2022\/07\/WhatsApp-Image-2022-07-29-at-9.37.12-PM-1.jpeg?resize=1024%2C676 1024w, https:\/\/i0.wp.com\/elterritorialweb.com.ar\/web\/wp-content\/uploads\/2022\/07\/WhatsApp-Image-2022-07-29-at-9.37.12-PM-1.jpeg?resize=300%2C198 300w, https:\/\/i0.wp.com\/elterritorialweb.com.ar\/web\/wp-content\/uploads\/2022\/07\/WhatsApp-Image-2022-07-29-at-9.37.12-PM-1.jpeg?resize=768%2C507 768w, https:\/\/i0.wp.com\/elterritorialweb.com.ar\/web\/wp-content\/uploads\/2022\/07\/WhatsApp-Image-2022-07-29-at-9.37.12-PM-1.jpeg?w=1280 1280w\" data-sizes=\"(max-width: 640px) 100vw, 640px\" src=\"data:image\/svg+xml;base64,PHN2ZyB3aWR0aD0iMSIgaGVpZ2h0PSIxIiB4bWxucz0iaHR0cDovL3d3dy53My5vcmcvMjAwMC9zdmciPjwvc3ZnPg==\" style=\"--smush-placeholder-width: 640px; --smush-placeholder-aspect-ratio: 640\/423;\" \/><\/a><\/figure>\n\n\n\n<p>Sobre las obras, Nediani manifest\u00f3: \u00abA trav\u00e9s de las obras aprovechamos para fortalecer el v\u00ednculo con los vecinos, estableciendo el di\u00e1logo y conociendo m\u00e1s de cerca las necesidades a las que hemos comenzado a dar respuesta\u00bb.<br>Agreg\u00f3: \u00abDe esta manera recorremos los barrios de la ciudad marcando una l\u00ednea de trabajo que nos ha ido permitiendo brindar soluciones m\u00e1s efectivas en lo que hace a obras y servicios\u00bb.<\/p>\n","protected":false},"excerpt":{"rendered":"<p>El intendente Roger Nediani visit\u00f3 tres obras en ejecuci\u00f3n que corresponden al \u00abPlan de Mejoramiento de Calles\u00bb que incluye a los barrios Villa Juana, El Tabique, Independencia, Quilmes y Jerarquizado Municipal, entre otros.<\/p>\n","protected":false},"author":2,"featured_media":42935,"comment_status":"open","ping_status":"open","sticky":false,"template":"","format":"standard","meta":{"om_disable_all_campaigns":false,"_monsterinsights_skip_tracking":false,"_monsterinsights_sitenote_active":false,"_monsterinsights_sitenote_note":"","_monsterinsights_sitenote_category":0,"_uf_show_specific_survey":0,"_uf_disable_surveys":false,"jetpack_post_was_ever_published":false,"_jetpack_newsletter_access":"","_jetpack_dont_email_post_to_subs":false,"_jetpack_newsletter_tier_id":0,"_jetpack_memberships_contains_paywalled_content":false,"_jetpack_memberships_contains_paid_content":false,"footnotes":"","jetpack_publicize_message":"","jetpack_publicize_feature_enabled":true,"jetpack_social_post_already_shared":false,"jetpack_social_options":{"image_generator_settings":{"template":"highway","default_image_id":0,"font":"","enabled":false},"version":2}},"categories":[21],"tags":[],"class_list":["post-42933","post","type-post","status-publish","format-standard","has-post-thumbnail","hentry","category-locales"],"aioseo_notices":[],"views":11,"jetpack_publicize_connections":[],"jetpack_featured_media_url":"https:\/\/i0.wp.com\/elterritorialweb.com.ar\/web\/wp-content\/uploads\/2022\/07\/WhatsApp-Image-2022-07-29-at-9.37.12-PM.jpeg?fit=1280%2C845","jetpack_sharing_enabled":true,"_links":{"self":[{"href":"http:\/\/elterritorialweb.com.ar\/web\/wp-json\/wp\/v2\/posts\/42933","targetHints":{"allow":["GET"]}}],"collection":[{"href":"http:\/\/elterritorialweb.com.ar\/web\/wp-json\/wp\/v2\/posts"}],"about":[{"href":"http:\/\/elterritorialweb.com.ar\/web\/wp-json\/wp\/v2\/types\/post"}],"author":[{"embeddable":true,"href":"http:\/\/elterritorialweb.com.ar\/web\/wp-json\/wp\/v2\/users\/2"}],"replies":[{"embeddable":true,"href":"http:\/\/elterritorialweb.com.ar\/web\/wp-json\/wp\/v2\/comments?post=42933"}],"version-history":[{"count":1,"href":"http:\/\/elterritorialweb.com.ar\/web\/wp-json\/wp\/v2\/posts\/42933\/revisions"}],"predecessor-version":[{"id":42936,"href":"http:\/\/elterritorialweb.com.ar\/web\/wp-json\/wp\/v2\/posts\/42933\/revisions\/42936"}],"wp:featuredmedia":[{"embeddable":true,"href":"http:\/\/elterritorialweb.com.ar\/web\/wp-json\/wp\/v2\/media\/42935"}],"wp:attachment":[{"href":"http:\/\/elterritorialweb.com.ar\/web\/wp-json\/wp\/v2\/media?parent=42933"}],"wp:term":[{"taxonomy":"category","embeddable":true,"href":"http:\/\/elterritorialweb.com.ar\/web\/wp-json\/wp\/v2\/categories?post=42933"},{"taxonomy":"post_tag","embeddable":true,"href":"http:\/\/elterritorialweb.com.ar\/web\/wp-json\/wp\/v2\/tags?post=42933"}],"curies":[{"name":"wp","href":"https:\/\/api.w.org\/{rel}","templated":true}]}}