{"id":42937,"date":"2022-07-30T03:15:40","date_gmt":"2022-07-30T03:15:40","guid":{"rendered":"http:\/\/elterritorialweb.com.ar\/web\/?p=42937"},"modified":"2022-07-30T03:15:41","modified_gmt":"2022-07-30T03:15:41","slug":"la-comuna-bandena-invita-a-artistas-y-formadores-a-participar-de-las-becas-formacion-2022","status":"publish","type":"post","link":"http:\/\/elterritorialweb.com.ar\/web\/la-comuna-bandena-invita-a-artistas-y-formadores-a-participar-de-las-becas-formacion-2022\/","title":{"rendered":"LA COMUNA BANDE\u00d1A INVITA A ARTISTAS Y FORMADORES A PARTICIPAR DE LAS BECAS FORMACI\u00d3N 2022"},"content":{"rendered":"\n<p>Las mismas tienen el objeto de apoyar y promover programas de formaci\u00f3n y capacitaci\u00f3n de artistas, escritores, artesanos, arquitectos y gestores culturales dentro del territorio de la Rep\u00fablica Argentina.<br>Por su parte, la subsecretaria del \u00e1rea, Stella Maris Mirolo dijo: \u00abAgradecemos a Naci\u00f3n por seguir impulsando este federalismo y sobre todo, que siga teniendo en cuenta a la ciudad de La Banda, resaltando la importancia que tuvo esta en \u00e9pocas de pandemia, que fue un alivio para el sector de artistas\u00bb.<br>Asimismo, propone impulsar la formaci\u00f3n y la capacitaci\u00f3n en distintas \u00e1reas de la cultura, as\u00ed como fortalecer la igualdad de oportunidades en el acceso a la profesionalizaci\u00f3n del sector cultural argentino, al promover espacios de formaci\u00f3n que estimulen el pensamiento cr\u00edtico y la conformaci\u00f3n de redes creativas, colaborativas y asociativas.<br>Las becas establecen dos categor\u00edas: Capacitaci\u00f3n y Formaci\u00f3n. Para Capacitaci\u00f3n el beneficio para proyectos individuales es de $80 mil y de $100 mil para proyectos grupales. As\u00ed podr\u00e1n presentarse quienes quieran capacitarse en instituciones y espacios culturales argentinos (ya fueran universidades, facultades, residencias, talleres, escuelas o asociaciones) o con docentes particulares de manera presencial, virtual o mixta. Para la categor\u00eda Formaci\u00f3n el est\u00edmulo para los proyectos individuales es de $100 mil y de $150 mil para los colectivos pudiendo presentarse artistas, docentes y profesionales que deseen brindar una formaci\u00f3n art\u00edstica- t\u00e9cnica a terceros de manera gratuita ya fuera de forma presencial, virtual o mixta.<br>Dicha convocatoria, tiene fecha l\u00edmite de inscripci\u00f3n hasta el martes 16 de agosto de 2022. Los interesados podr\u00e1n ingresar a la p\u00e1gina <a href=\"https:\/\/fnartes.gob.ar\/becas\/becas-formacion-2022\">https:\/\/fnartes.gob.ar\/becas\/becas-formacion-2022<\/a> para inscribirse y m\u00e1s informaci\u00f3n. Si desean, podr\u00e1n dirigirse a las inmediaciones de la Escuela Municipal de Programaci\u00f3n y Rob\u00f3tica, desde las 9 horas, hasta las 13.<\/p>\n","protected":false},"excerpt":{"rendered":"<p>La Subsecretaria de Educaci\u00f3n y Cultura de la Municipalidad de La Banda, convoca a las &#8216;Becas Formaci\u00f3n 2022 a artistas y formadores argentinos.<\/p>\n","protected":false},"author":2,"featured_media":42938,"comment_status":"open","ping_status":"open","sticky":false,"template":"","format":"standard","meta":{"om_disable_all_campaigns":false,"_monsterinsights_skip_tracking":false,"_monsterinsights_sitenote_active":false,"_monsterinsights_sitenote_note":"","_monsterinsights_sitenote_category":0,"_uf_show_specific_survey":0,"_uf_disable_surveys":false,"jetpack_post_was_ever_published":false,"_jetpack_newsletter_access":"","_jetpack_dont_email_post_to_subs":false,"_jetpack_newsletter_tier_id":0,"_jetpack_memberships_contains_paywalled_content":false,"_jetpack_memberships_contains_paid_content":false,"footnotes":"","jetpack_publicize_message":"","jetpack_publicize_feature_enabled":true,"jetpack_social_post_already_shared":false,"jetpack_social_options":{"image_generator_settings":{"template":"highway","default_image_id":0,"font":"","enabled":false},"version":2}},"categories":[21],"tags":[],"class_list":["post-42937","post","type-post","status-publish","format-standard","has-post-thumbnail","hentry","category-locales"],"aioseo_notices":[],"views":14,"jetpack_publicize_connections":[],"jetpack_featured_media_url":"https:\/\/i0.wp.com\/elterritorialweb.com.ar\/web\/wp-content\/uploads\/2022\/07\/WhatsApp-Image-2022-07-29-at-9.37.11-PM.jpeg?fit=1600%2C1200","jetpack_sharing_enabled":true,"_links":{"self":[{"href":"http:\/\/elterritorialweb.com.ar\/web\/wp-json\/wp\/v2\/posts\/42937","targetHints":{"allow":["GET"]}}],"collection":[{"href":"http:\/\/elterritorialweb.com.ar\/web\/wp-json\/wp\/v2\/posts"}],"about":[{"href":"http:\/\/elterritorialweb.com.ar\/web\/wp-json\/wp\/v2\/types\/post"}],"author":[{"embeddable":true,"href":"http:\/\/elterritorialweb.com.ar\/web\/wp-json\/wp\/v2\/users\/2"}],"replies":[{"embeddable":true,"href":"http:\/\/elterritorialweb.com.ar\/web\/wp-json\/wp\/v2\/comments?post=42937"}],"version-history":[{"count":1,"href":"http:\/\/elterritorialweb.com.ar\/web\/wp-json\/wp\/v2\/posts\/42937\/revisions"}],"predecessor-version":[{"id":42939,"href":"http:\/\/elterritorialweb.com.ar\/web\/wp-json\/wp\/v2\/posts\/42937\/revisions\/42939"}],"wp:featuredmedia":[{"embeddable":true,"href":"http:\/\/elterritorialweb.com.ar\/web\/wp-json\/wp\/v2\/media\/42938"}],"wp:attachment":[{"href":"http:\/\/elterritorialweb.com.ar\/web\/wp-json\/wp\/v2\/media?parent=42937"}],"wp:term":[{"taxonomy":"category","embeddable":true,"href":"http:\/\/elterritorialweb.com.ar\/web\/wp-json\/wp\/v2\/categories?post=42937"},{"taxonomy":"post_tag","embeddable":true,"href":"http:\/\/elterritorialweb.com.ar\/web\/wp-json\/wp\/v2\/tags?post=42937"}],"curies":[{"name":"wp","href":"https:\/\/api.w.org\/{rel}","templated":true}]}}