{"id":42940,"date":"2022-08-01T12:27:54","date_gmt":"2022-08-01T12:27:54","guid":{"rendered":"http:\/\/elterritorialweb.com.ar\/web\/?p=42940"},"modified":"2022-08-01T12:27:55","modified_gmt":"2022-08-01T12:27:55","slug":"la-municipalidad-destaco-lo-positivo-de-la-feria-artesanal-para-la-ciudad","status":"publish","type":"post","link":"http:\/\/elterritorialweb.com.ar\/web\/la-municipalidad-destaco-lo-positivo-de-la-feria-artesanal-para-la-ciudad\/","title":{"rendered":"LA MUNICIPALIDAD DESTAC\u00d3 LO POSITIVO DE LA FERIA ARTESANAL PARA LA CIUDAD"},"content":{"rendered":"\n<p>\u00abEs de destacar que la Feria se extendi\u00f3 por todo el mes y fue de intensa actividad cultural, comercial y tur\u00edstica, por una decisi\u00f3n acertada de la intendente, Ing. Norma Fuentes\u00bb, indic\u00f3 el funcionario.<\/p>\n\n\n\n<p>Para Avenda\u00f1o, \u00abcon la presencia de alrededor de cuatrocientos artesanos de distintas procedencias que presentaron su obra y con cerca de cuarenta puestos de comidas, la feria represent\u00f3 una oportunidad para emprendedores y puesteros de dar a conocer sus productos intercambiar saberes y experiencias con los vecinos de la ciudad, con los santiague\u00f1os del interior y con los turistas que marcaron una notable presencia\u00bb.<\/p>\n\n\n\n<p>\u00abConforme lo manifestaron los artesanos y puesteros de la feria fue un \u00e9xito de ventas y signific\u00f3 un importante aliciente para la actividad luego de dos a\u00f1os sin que se lleve a cabo este destacado evento\u00bb, sostuvo.<\/p>\n\n\n\n<p>Asimismo, remarc\u00f3 que a \u00abeso debe sumarse los m\u00e1s de ciento sesenta artistas que pasaron por el escenario de la feria, en una muestra diversa de la oferta musical de nuestra provincia, con una especial participaci\u00f3n de mujeres a partir de la implementaci\u00f3n del cupo femenino\u00bb.<\/p>\n\n\n\n<p>\u00abTanto los visitantes de la feria como los artesanos y puesteros destacaron tambi\u00e9n el novedoso dise\u00f1o del recorrido por las carpas y el aprovechamiento del espacio que facilit\u00f3 la circulaci\u00f3n de los paseantes y la exposici\u00f3n y venta de los productos. El balance de la Feria es altamente positivo y se destaca el entusiasmo de los artesanos y puesteros\u00bb, manifest\u00f3 Avenda\u00f1o.<\/p>\n","protected":false},"excerpt":{"rendered":"<p>El director de Cultura de la Municipalidad de la Capital, Francisco Avenda\u00f1o, destac\u00f3 que el balance de la Feria Artesanal 2022 result\u00f3 \u00abaltamente positivo\u00bb ya que fue un \u00e9xito en concurrencia multitudinaria y beneficiosa para quienes tuvieron sus stands en el predio de Changolandia.<\/p>\n","protected":false},"author":2,"featured_media":42941,"comment_status":"open","ping_status":"open","sticky":false,"template":"","format":"standard","meta":{"om_disable_all_campaigns":false,"_monsterinsights_skip_tracking":false,"_monsterinsights_sitenote_active":false,"_monsterinsights_sitenote_note":"","_monsterinsights_sitenote_category":0,"_uf_show_specific_survey":0,"_uf_disable_surveys":false,"jetpack_post_was_ever_published":false,"_jetpack_newsletter_access":"","_jetpack_dont_email_post_to_subs":false,"_jetpack_newsletter_tier_id":0,"_jetpack_memberships_contains_paywalled_content":false,"_jetpack_memberships_contains_paid_content":false,"footnotes":"","jetpack_publicize_message":"","jetpack_publicize_feature_enabled":true,"jetpack_social_post_already_shared":false,"jetpack_social_options":{"image_generator_settings":{"template":"highway","default_image_id":0,"font":"","enabled":false},"version":2}},"categories":[21],"tags":[],"class_list":["post-42940","post","type-post","status-publish","format-standard","has-post-thumbnail","hentry","category-locales"],"aioseo_notices":[],"views":6,"jetpack_publicize_connections":[],"jetpack_featured_media_url":"https:\/\/i0.wp.com\/elterritorialweb.com.ar\/web\/wp-content\/uploads\/2022\/08\/feria-cierre.jpeg?fit=1280%2C720","jetpack_sharing_enabled":true,"_links":{"self":[{"href":"http:\/\/elterritorialweb.com.ar\/web\/wp-json\/wp\/v2\/posts\/42940","targetHints":{"allow":["GET"]}}],"collection":[{"href":"http:\/\/elterritorialweb.com.ar\/web\/wp-json\/wp\/v2\/posts"}],"about":[{"href":"http:\/\/elterritorialweb.com.ar\/web\/wp-json\/wp\/v2\/types\/post"}],"author":[{"embeddable":true,"href":"http:\/\/elterritorialweb.com.ar\/web\/wp-json\/wp\/v2\/users\/2"}],"replies":[{"embeddable":true,"href":"http:\/\/elterritorialweb.com.ar\/web\/wp-json\/wp\/v2\/comments?post=42940"}],"version-history":[{"count":1,"href":"http:\/\/elterritorialweb.com.ar\/web\/wp-json\/wp\/v2\/posts\/42940\/revisions"}],"predecessor-version":[{"id":42942,"href":"http:\/\/elterritorialweb.com.ar\/web\/wp-json\/wp\/v2\/posts\/42940\/revisions\/42942"}],"wp:featuredmedia":[{"embeddable":true,"href":"http:\/\/elterritorialweb.com.ar\/web\/wp-json\/wp\/v2\/media\/42941"}],"wp:attachment":[{"href":"http:\/\/elterritorialweb.com.ar\/web\/wp-json\/wp\/v2\/media?parent=42940"}],"wp:term":[{"taxonomy":"category","embeddable":true,"href":"http:\/\/elterritorialweb.com.ar\/web\/wp-json\/wp\/v2\/categories?post=42940"},{"taxonomy":"post_tag","embeddable":true,"href":"http:\/\/elterritorialweb.com.ar\/web\/wp-json\/wp\/v2\/tags?post=42940"}],"curies":[{"name":"wp","href":"https:\/\/api.w.org\/{rel}","templated":true}]}}